{"id":60827,"date":"2026-04-18T18:41:38","date_gmt":"2026-04-18T21:41:38","guid":{"rendered":"http:\/\/masquenoticiastucuman.com.ar\/?p=60827"},"modified":"2026-04-18T18:41:38","modified_gmt":"2026-04-18T21:41:38","slug":"pedro-sanchez-encabeza-una-cumbre-de-lideres-progresistas-mundiales-para-proteger-la-democracia-ante-el-embate-de-las-derechas","status":"publish","type":"post","link":"https:\/\/masquenoticiastucuman.com.ar\/?p=60827","title":{"rendered":"Pedro S\u00e1nchez encabeza una cumbre de l\u00edderes progresistas mundiales para &#8220;proteger la democracia&#8221; ante el embate de las derechas"},"content":{"rendered":"<ul>\n<li>El presidente del gobierno espa\u00f1ol recibi\u00f3 en Barcelona a Lula da Silva, Claudia Sheinbaum, Gustavo Petro y Yamand\u00fa Orsi, entre otros mandatarios.<\/li>\n<li>Llamaron a defender el multilateralismo y el derecho internacional.<\/li>\n<li>\u201cNo basta con resistir. Tenemos que liderar\u201d, dijo S\u00e1nchez.<\/li>\n<\/ul>\n<p>\u200bEl presidente del gobierno espa\u00f1ol recibi\u00f3 en Barcelona a Lula da Silva, Claudia Sheinbaum, Gustavo Petro y Yamand\u00fa Orsi, entre otros mandatarios.Llamaron a defender el multilateralismo y el derecho internacional.\u201cNo basta con resistir. Tenemos que liderar\u201d, dijo S\u00e1nchez.\u00a0<a href=\"https:\/\/www.clarin.com\/mundo\/pedro-sanchez-encabeza-cumbre-lideres-progresistas-mundiales-proteger-democracia-embate-derechas_0_LvdX6CUoH6.html\" target=\"_blank\" class=\"feedzy-rss-link-icon\">Read More<\/a><\/p>","protected":false},"excerpt":{"rendered":"<p>El presidente del gobierno espa\u00f1ol recibi\u00f3 en Barcelona a Lula da Silva, Claudia Sheinbaum, Gustavo&#8230;<\/p>\n","protected":false},"author":1,"featured_media":60828,"comment_status":"open","ping_status":"open","sticky":false,"template":"","format":"standard","meta":{"footnotes":""},"categories":[4],"tags":[],"class_list":["post-60827","post","type-post","status-publish","format-standard","has-post-thumbnail","hentry","category-internacionales"],"_links":{"self":[{"href":"https:\/\/masquenoticiastucuman.com.ar\/index.php?rest_route=\/wp\/v2\/posts\/60827","targetHints":{"allow":["GET"]}}],"collection":[{"href":"https:\/\/masquenoticiastucuman.com.ar\/index.php?rest_route=\/wp\/v2\/posts"}],"about":[{"href":"https:\/\/masquenoticiastucuman.com.ar\/index.php?rest_route=\/wp\/v2\/types\/post"}],"author":[{"embeddable":true,"href":"https:\/\/masquenoticiastucuman.com.ar\/index.php?rest_route=\/wp\/v2\/users\/1"}],"replies":[{"embeddable":true,"href":"https:\/\/masquenoticiastucuman.com.ar\/index.php?rest_route=%2Fwp%2Fv2%2Fcomments&post=60827"}],"version-history":[{"count":0,"href":"https:\/\/masquenoticiastucuman.com.ar\/index.php?rest_route=\/wp\/v2\/posts\/60827\/revisions"}],"wp:featuredmedia":[{"embeddable":true,"href":"https:\/\/masquenoticiastucuman.com.ar\/index.php?rest_route=\/wp\/v2\/media\/60828"}],"wp:attachment":[{"href":"https:\/\/masquenoticiastucuman.com.ar\/index.php?rest_route=%2Fwp%2Fv2%2Fmedia&parent=60827"}],"wp:term":[{"taxonomy":"category","embeddable":true,"href":"https:\/\/masquenoticiastucuman.com.ar\/index.php?rest_route=%2Fwp%2Fv2%2Fcategories&post=60827"},{"taxonomy":"post_tag","embeddable":true,"href":"https:\/\/masquenoticiastucuman.com.ar\/index.php?rest_route=%2Fwp%2Fv2%2Ftags&post=60827"}],"curies":[{"name":"wp","href":"https:\/\/api.w.org\/{rel}","templated":true}]}}