{"id":60830,"date":"2026-04-18T19:57:31","date_gmt":"2026-04-18T22:57:31","guid":{"rendered":"http:\/\/masquenoticiastucuman.com.ar\/?p=60830"},"modified":"2026-04-18T19:57:31","modified_gmt":"2026-04-18T22:57:31","slug":"la-extrema-derecha-europea-se-reune-en-milan-para-pedir-la-deportacion-de-millones-de-migrantes","status":"publish","type":"post","link":"https:\/\/masquenoticiastucuman.com.ar\/?p=60830","title":{"rendered":"La extrema derecha europea se re\u00fane en Mil\u00e1n para pedir la deportaci\u00f3n de millones de migrantes"},"content":{"rendered":"<ul>\n<li>Figuras como el franc\u00e9s Jordan Bardella, el holand\u00e9s Geert Wilders y el vicepremier italiano Matteo Salvini quieren expulsar a todos los extranjeros no blancos.<\/li>\n<li>La ultraderecha denuncia que la poblaci\u00f3n blanca y cristiana europea est\u00e1 siendo reemplazada por inmingrantes negros y \u00e1rabes.<\/li>\n<\/ul>\n<p>\u200bFiguras como el franc\u00e9s Jordan Bardella, el holand\u00e9s Geert Wilders y el vicepremier italiano Matteo Salvini quieren expulsar a todos los extranjeros no blancos.La ultraderecha denuncia que la poblaci\u00f3n blanca y cristiana europea est\u00e1 siendo reemplazada por inmingrantes negros y \u00e1rabes.\u00a0<a href=\"https:\/\/www.clarin.com\/mundo\/extrema-derecha-europea-reune-milan-pedir-deportacion-millones-migrantes_0_T0rzY5SPbI.html\" target=\"_blank\" class=\"feedzy-rss-link-icon\">Read More<\/a><\/p>","protected":false},"excerpt":{"rendered":"<p>Figuras como el franc\u00e9s Jordan Bardella, el holand\u00e9s Geert Wilders y el vicepremier italiano Matteo&#8230;<\/p>\n","protected":false},"author":1,"featured_media":60831,"comment_status":"open","ping_status":"open","sticky":false,"template":"","format":"standard","meta":{"footnotes":""},"categories":[4],"tags":[],"class_list":["post-60830","post","type-post","status-publish","format-standard","has-post-thumbnail","hentry","category-internacionales"],"_links":{"self":[{"href":"https:\/\/masquenoticiastucuman.com.ar\/index.php?rest_route=\/wp\/v2\/posts\/60830","targetHints":{"allow":["GET"]}}],"collection":[{"href":"https:\/\/masquenoticiastucuman.com.ar\/index.php?rest_route=\/wp\/v2\/posts"}],"about":[{"href":"https:\/\/masquenoticiastucuman.com.ar\/index.php?rest_route=\/wp\/v2\/types\/post"}],"author":[{"embeddable":true,"href":"https:\/\/masquenoticiastucuman.com.ar\/index.php?rest_route=\/wp\/v2\/users\/1"}],"replies":[{"embeddable":true,"href":"https:\/\/masquenoticiastucuman.com.ar\/index.php?rest_route=%2Fwp%2Fv2%2Fcomments&post=60830"}],"version-history":[{"count":0,"href":"https:\/\/masquenoticiastucuman.com.ar\/index.php?rest_route=\/wp\/v2\/posts\/60830\/revisions"}],"wp:featuredmedia":[{"embeddable":true,"href":"https:\/\/masquenoticiastucuman.com.ar\/index.php?rest_route=\/wp\/v2\/media\/60831"}],"wp:attachment":[{"href":"https:\/\/masquenoticiastucuman.com.ar\/index.php?rest_route=%2Fwp%2Fv2%2Fmedia&parent=60830"}],"wp:term":[{"taxonomy":"category","embeddable":true,"href":"https:\/\/masquenoticiastucuman.com.ar\/index.php?rest_route=%2Fwp%2Fv2%2Fcategories&post=60830"},{"taxonomy":"post_tag","embeddable":true,"href":"https:\/\/masquenoticiastucuman.com.ar\/index.php?rest_route=%2Fwp%2Fv2%2Ftags&post=60830"}],"curies":[{"name":"wp","href":"https:\/\/api.w.org\/{rel}","templated":true}]}}