{"id":60832,"date":"2026-04-18T22:03:52","date_gmt":"2026-04-19T01:03:52","guid":{"rendered":"http:\/\/masquenoticiastucuman.com.ar\/?p=60832"},"modified":"2026-04-18T22:03:52","modified_gmt":"2026-04-19T01:03:52","slug":"los-convocados-de-boca-para-el-superclasico-quienes-seran-los-once-elegidos-de-ubeda-para-jugar-contra-river-en-el-monumental","status":"publish","type":"post","link":"https:\/\/masquenoticiastucuman.com.ar\/?p=60832","title":{"rendered":"Los convocados de Boca para el Supercl\u00e1sico: qui\u00e9nes ser\u00e1n los once elegidos de \u00dabeda para jugar contra River en el Monumental"},"content":{"rendered":"<ul>\n<li>Sin Marches\u00edn, el DT s\u00f3lo puso dos arqueros entre los citados. <\/li>\n<li>Zeballos seguir\u00e1 esperando desde el banco.<\/li>\n<\/ul>\n<p>\u200bSin Marches\u00edn, el DT s\u00f3lo puso dos arqueros entre los citados. Zeballos seguir\u00e1 esperando desde el banco.\u00a0<a href=\"https:\/\/www.clarin.com\/deportes\/convocados-boca-superclasico-once-elegidos-ubeda-jugar-river-monumental_0_GfcoiwN5Vw.html\" target=\"_blank\" class=\"feedzy-rss-link-icon\">Read More<\/a><\/p>","protected":false},"excerpt":{"rendered":"<p>Sin Marches\u00edn, el DT s\u00f3lo puso dos arqueros entre los citados. Zeballos seguir\u00e1 esperando desde&#8230;<\/p>\n","protected":false},"author":1,"featured_media":0,"comment_status":"open","ping_status":"open","sticky":false,"template":"","format":"standard","meta":{"footnotes":""},"categories":[6],"tags":[],"class_list":["post-60832","post","type-post","status-publish","format-standard","has-post-thumbnail","hentry","category-deportes"],"_links":{"self":[{"href":"https:\/\/masquenoticiastucuman.com.ar\/index.php?rest_route=\/wp\/v2\/posts\/60832","targetHints":{"allow":["GET"]}}],"collection":[{"href":"https:\/\/masquenoticiastucuman.com.ar\/index.php?rest_route=\/wp\/v2\/posts"}],"about":[{"href":"https:\/\/masquenoticiastucuman.com.ar\/index.php?rest_route=\/wp\/v2\/types\/post"}],"author":[{"embeddable":true,"href":"https:\/\/masquenoticiastucuman.com.ar\/index.php?rest_route=\/wp\/v2\/users\/1"}],"replies":[{"embeddable":true,"href":"https:\/\/masquenoticiastucuman.com.ar\/index.php?rest_route=%2Fwp%2Fv2%2Fcomments&post=60832"}],"version-history":[{"count":0,"href":"https:\/\/masquenoticiastucuman.com.ar\/index.php?rest_route=\/wp\/v2\/posts\/60832\/revisions"}],"wp:attachment":[{"href":"https:\/\/masquenoticiastucuman.com.ar\/index.php?rest_route=%2Fwp%2Fv2%2Fmedia&parent=60832"}],"wp:term":[{"taxonomy":"category","embeddable":true,"href":"https:\/\/masquenoticiastucuman.com.ar\/index.php?rest_route=%2Fwp%2Fv2%2Fcategories&post=60832"},{"taxonomy":"post_tag","embeddable":true,"href":"https:\/\/masquenoticiastucuman.com.ar\/index.php?rest_route=%2Fwp%2Fv2%2Ftags&post=60832"}],"curies":[{"name":"wp","href":"https:\/\/api.w.org\/{rel}","templated":true}]}}