{"id":60836,"date":"2026-04-19T00:01:17","date_gmt":"2026-04-19T03:01:17","guid":{"rendered":"http:\/\/masquenoticiastucuman.com.ar\/?p=60836"},"modified":"2026-04-19T00:01:17","modified_gmt":"2026-04-19T03:01:17","slug":"a-que-hora-se-estrena-el-capitulo-2-de-euphoria-temporada-3-en-hbo-max-horarios-confirmados-por-pais-este-domingo-19-de-abril","status":"publish","type":"post","link":"https:\/\/masquenoticiastucuman.com.ar\/?p=60836","title":{"rendered":"\u00bfA qu\u00e9 hora se estrena el cap\u00edtulo 2 de Euphoria &#8211; Temporada 3 en HBO Max? Horarios confirmados por pa\u00eds este domingo 19 de abril"},"content":{"rendered":"<ul>\n<li>Euphoria est\u00e1 devuelta y este fin de semana se estrena el segundo cap\u00edtulo de la tercera temporada.<\/li>\n<li>El segundo cap\u00edtulo se titula &#8220;America My Dream&#8221;.<\/li>\n<li>Repasa los horarios exactos por pa\u00eds, el calendario de los 8 episodios y los giros m\u00e1s pol\u00e9micos de la serie.<\/li>\n<\/ul>\n<p>\u200bEuphoria est\u00e1 devuelta y este fin de semana se estrena el segundo cap\u00edtulo de la tercera temporada.El segundo cap\u00edtulo se titula &#8220;America My Dream&#8221;.Repasa los horarios exactos por pa\u00eds, el calendario de los 8 episodios y los giros m\u00e1s pol\u00e9micos de la serie.\u00a0<a href=\"https:\/\/www.clarin.com\/estados-unidos\/hora-estrena-capitulo-2-euphoria-temporada-3-hbo-max-horarios-confirmados-pais-domingo-19-abril_0_Hd5d5KzEKR.html\" target=\"_blank\" class=\"feedzy-rss-link-icon\">Read More<\/a><\/p>","protected":false},"excerpt":{"rendered":"<p>Euphoria est\u00e1 devuelta y este fin de semana se estrena el segundo cap\u00edtulo de la&#8230;<\/p>\n","protected":false},"author":1,"featured_media":0,"comment_status":"open","ping_status":"open","sticky":false,"template":"","format":"standard","meta":{"footnotes":""},"categories":[5],"tags":[],"class_list":["post-60836","post","type-post","status-publish","format-standard","has-post-thumbnail","hentry","category-espectaculo"],"_links":{"self":[{"href":"https:\/\/masquenoticiastucuman.com.ar\/index.php?rest_route=\/wp\/v2\/posts\/60836","targetHints":{"allow":["GET"]}}],"collection":[{"href":"https:\/\/masquenoticiastucuman.com.ar\/index.php?rest_route=\/wp\/v2\/posts"}],"about":[{"href":"https:\/\/masquenoticiastucuman.com.ar\/index.php?rest_route=\/wp\/v2\/types\/post"}],"author":[{"embeddable":true,"href":"https:\/\/masquenoticiastucuman.com.ar\/index.php?rest_route=\/wp\/v2\/users\/1"}],"replies":[{"embeddable":true,"href":"https:\/\/masquenoticiastucuman.com.ar\/index.php?rest_route=%2Fwp%2Fv2%2Fcomments&post=60836"}],"version-history":[{"count":0,"href":"https:\/\/masquenoticiastucuman.com.ar\/index.php?rest_route=\/wp\/v2\/posts\/60836\/revisions"}],"wp:attachment":[{"href":"https:\/\/masquenoticiastucuman.com.ar\/index.php?rest_route=%2Fwp%2Fv2%2Fmedia&parent=60836"}],"wp:term":[{"taxonomy":"category","embeddable":true,"href":"https:\/\/masquenoticiastucuman.com.ar\/index.php?rest_route=%2Fwp%2Fv2%2Fcategories&post=60836"},{"taxonomy":"post_tag","embeddable":true,"href":"https:\/\/masquenoticiastucuman.com.ar\/index.php?rest_route=%2Fwp%2Fv2%2Ftags&post=60836"}],"curies":[{"name":"wp","href":"https:\/\/api.w.org\/{rel}","templated":true}]}}