{"id":60844,"date":"2026-04-19T06:01:24","date_gmt":"2026-04-19T09:01:24","guid":{"rendered":"http:\/\/masquenoticiastucuman.com.ar\/?p=60844"},"modified":"2026-04-19T06:01:24","modified_gmt":"2026-04-19T09:01:24","slug":"gallo-desperto-el-alerta-de-contepomi-al-sumarse-a-la-enfermeria-de-los-pumas","status":"publish","type":"post","link":"https:\/\/masquenoticiastucuman.com.ar\/?p=60844","title":{"rendered":"Gallo despert\u00f3 el alerta de Contepomi al sumarse a la enfermer\u00eda de Los Pumas"},"content":{"rendered":"<ul>\n<li>El tucumano se rompi\u00f3 el tend\u00f3n del aductor largo izquierdo.<\/li>\n<li>Se suma a las bajas de Pedro Rubiolo y Juan Mart\u00edn Gonz\u00e1lez .<\/li>\n<li>Podr\u00edan reaparecer en la etapa europea de la Nations Cup, en el \u00faltimo tramo del a\u00f1o.<\/li>\n<\/ul>\n<p>\u200bEl tucumano se rompi\u00f3 el tend\u00f3n del aductor largo izquierdo.Se suma a las bajas de Pedro Rubiolo y Juan Mart\u00edn Gonz\u00e1lez .Podr\u00edan reaparecer en la etapa europea de la Nations Cup, en el \u00faltimo tramo del a\u00f1o.\u00a0<a href=\"https:\/\/www.clarin.com\/deportes\/gallo-desperto-alerta-contepomi-sumarse-enfermeria-pumas_0_ka5fKUvTrq.html\" target=\"_blank\" class=\"feedzy-rss-link-icon\">Read More<\/a><\/p>","protected":false},"excerpt":{"rendered":"<p>El tucumano se rompi\u00f3 el tend\u00f3n del aductor largo izquierdo. Se suma a las bajas&#8230;<\/p>\n","protected":false},"author":1,"featured_media":0,"comment_status":"open","ping_status":"open","sticky":false,"template":"","format":"standard","meta":{"footnotes":""},"categories":[6],"tags":[],"class_list":["post-60844","post","type-post","status-publish","format-standard","has-post-thumbnail","hentry","category-deportes"],"_links":{"self":[{"href":"https:\/\/masquenoticiastucuman.com.ar\/index.php?rest_route=\/wp\/v2\/posts\/60844","targetHints":{"allow":["GET"]}}],"collection":[{"href":"https:\/\/masquenoticiastucuman.com.ar\/index.php?rest_route=\/wp\/v2\/posts"}],"about":[{"href":"https:\/\/masquenoticiastucuman.com.ar\/index.php?rest_route=\/wp\/v2\/types\/post"}],"author":[{"embeddable":true,"href":"https:\/\/masquenoticiastucuman.com.ar\/index.php?rest_route=\/wp\/v2\/users\/1"}],"replies":[{"embeddable":true,"href":"https:\/\/masquenoticiastucuman.com.ar\/index.php?rest_route=%2Fwp%2Fv2%2Fcomments&post=60844"}],"version-history":[{"count":0,"href":"https:\/\/masquenoticiastucuman.com.ar\/index.php?rest_route=\/wp\/v2\/posts\/60844\/revisions"}],"wp:attachment":[{"href":"https:\/\/masquenoticiastucuman.com.ar\/index.php?rest_route=%2Fwp%2Fv2%2Fmedia&parent=60844"}],"wp:term":[{"taxonomy":"category","embeddable":true,"href":"https:\/\/masquenoticiastucuman.com.ar\/index.php?rest_route=%2Fwp%2Fv2%2Fcategories&post=60844"},{"taxonomy":"post_tag","embeddable":true,"href":"https:\/\/masquenoticiastucuman.com.ar\/index.php?rest_route=%2Fwp%2Fv2%2Ftags&post=60844"}],"curies":[{"name":"wp","href":"https:\/\/api.w.org\/{rel}","templated":true}]}}