{"id":60846,"date":"2026-04-19T09:26:20","date_gmt":"2026-04-19T12:26:20","guid":{"rendered":"http:\/\/masquenoticiastucuman.com.ar\/?p=60846"},"modified":"2026-04-19T09:26:20","modified_gmt":"2026-04-19T12:26:20","slug":"donald-trump-anuncio-que-una-delegacion-de-estados-unidos-vuelve-a-pakistan-a-negociar-y-amenazo-con-destruir-iran-si-no-llegan-a-un-acuerdo-se-acabo-la-amabilidad","status":"publish","type":"post","link":"https:\/\/masquenoticiastucuman.com.ar\/?p=60846","title":{"rendered":"Donald Trump anunci\u00f3 que una delegaci\u00f3n de Estados Unidos vuelve a Pakist\u00e1n a negociar y amenaz\u00f3 con destruir Ir\u00e1n si no llegan a un acuerdo: &#8220;Se acab\u00f3 la amabilidad&#8221;"},"content":{"rendered":"<ul>\n<li>El presidente de los Estados Unidos afirm\u00f3 que sus enviados llegar\u00e1n ma\u00f1ana por la noche a Islamabad.<\/li>\n<li>El martes se vence la tregua por la que se hab\u00eda alcanzado un alto el fuego. <\/li>\n<\/ul>\n<p>\u200bEl presidente de los Estados Unidos afirm\u00f3 que sus enviados llegar\u00e1n ma\u00f1ana por la noche a Islamabad.El martes se vence la tregua por la que se hab\u00eda alcanzado un alto el fuego.\u00a0<a href=\"https:\/\/www.clarin.com\/mundo\/donald-trump-anuncio-delegacion-estados-unidos-vuelve-pakistan-negociar-amenazo-destruir-iran-llegan-acuerdo-acabo-amabilidad_0_dJVdpdluwb.html\" target=\"_blank\" class=\"feedzy-rss-link-icon\">Read More<\/a><\/p>","protected":false},"excerpt":{"rendered":"<p>El presidente de los Estados Unidos afirm\u00f3 que sus enviados llegar\u00e1n ma\u00f1ana por la noche&#8230;<\/p>\n","protected":false},"author":1,"featured_media":60847,"comment_status":"open","ping_status":"open","sticky":false,"template":"","format":"standard","meta":{"footnotes":""},"categories":[4],"tags":[],"class_list":["post-60846","post","type-post","status-publish","format-standard","has-post-thumbnail","hentry","category-internacionales"],"_links":{"self":[{"href":"https:\/\/masquenoticiastucuman.com.ar\/index.php?rest_route=\/wp\/v2\/posts\/60846","targetHints":{"allow":["GET"]}}],"collection":[{"href":"https:\/\/masquenoticiastucuman.com.ar\/index.php?rest_route=\/wp\/v2\/posts"}],"about":[{"href":"https:\/\/masquenoticiastucuman.com.ar\/index.php?rest_route=\/wp\/v2\/types\/post"}],"author":[{"embeddable":true,"href":"https:\/\/masquenoticiastucuman.com.ar\/index.php?rest_route=\/wp\/v2\/users\/1"}],"replies":[{"embeddable":true,"href":"https:\/\/masquenoticiastucuman.com.ar\/index.php?rest_route=%2Fwp%2Fv2%2Fcomments&post=60846"}],"version-history":[{"count":0,"href":"https:\/\/masquenoticiastucuman.com.ar\/index.php?rest_route=\/wp\/v2\/posts\/60846\/revisions"}],"wp:featuredmedia":[{"embeddable":true,"href":"https:\/\/masquenoticiastucuman.com.ar\/index.php?rest_route=\/wp\/v2\/media\/60847"}],"wp:attachment":[{"href":"https:\/\/masquenoticiastucuman.com.ar\/index.php?rest_route=%2Fwp%2Fv2%2Fmedia&parent=60846"}],"wp:term":[{"taxonomy":"category","embeddable":true,"href":"https:\/\/masquenoticiastucuman.com.ar\/index.php?rest_route=%2Fwp%2Fv2%2Fcategories&post=60846"},{"taxonomy":"post_tag","embeddable":true,"href":"https:\/\/masquenoticiastucuman.com.ar\/index.php?rest_route=%2Fwp%2Fv2%2Ftags&post=60846"}],"curies":[{"name":"wp","href":"https:\/\/api.w.org\/{rel}","templated":true}]}}