{"id":60850,"date":"2026-04-19T09:17:24","date_gmt":"2026-04-19T12:17:24","guid":{"rendered":"http:\/\/masquenoticiastucuman.com.ar\/?p=60850"},"modified":"2026-04-19T09:17:24","modified_gmt":"2026-04-19T12:17:24","slug":"huele-a-espiritu-adolescente-la-obra-que-cruza-un-superclasico-de-nirvana-con-una-familia-al-limite","status":"publish","type":"post","link":"https:\/\/masquenoticiastucuman.com.ar\/?p=60850","title":{"rendered":"Huele a esp\u00edritu adolescente: la obra que cruza un supercl\u00e1sico de Nirvana con una familia al l\u00edmite"},"content":{"rendered":"<ul>\n<li>Dirigida por Mat\u00edas Feldman, se presenta los domingos en Galp\u00f3n de Guevara.<\/li>\n<li>Nacida en Teatro Bravard, toma a Kurt Cobain y lleva una reuni\u00f3n al l\u00edmite.<\/li>\n<\/ul>\n<p>\u200bDirigida por Mat\u00edas Feldman, se presenta los domingos en Galp\u00f3n de Guevara.Nacida en Teatro Bravard, toma a Kurt Cobain y lleva una reuni\u00f3n al l\u00edmite.\u00a0<a href=\"https:\/\/www.clarin.com\/espectaculos\/huele-espiritu-adolescente-obra-cruza-superclasico-nirvana-familia-limite_0_wpVUIhmH0M.html\" target=\"_blank\" class=\"feedzy-rss-link-icon\">Read More<\/a><\/p>","protected":false},"excerpt":{"rendered":"<p>Dirigida por Mat\u00edas Feldman, se presenta los domingos en Galp\u00f3n de Guevara. Nacida en Teatro&#8230;<\/p>\n","protected":false},"author":1,"featured_media":0,"comment_status":"open","ping_status":"open","sticky":false,"template":"","format":"standard","meta":{"footnotes":""},"categories":[5],"tags":[],"class_list":["post-60850","post","type-post","status-publish","format-standard","has-post-thumbnail","hentry","category-espectaculo"],"_links":{"self":[{"href":"https:\/\/masquenoticiastucuman.com.ar\/index.php?rest_route=\/wp\/v2\/posts\/60850","targetHints":{"allow":["GET"]}}],"collection":[{"href":"https:\/\/masquenoticiastucuman.com.ar\/index.php?rest_route=\/wp\/v2\/posts"}],"about":[{"href":"https:\/\/masquenoticiastucuman.com.ar\/index.php?rest_route=\/wp\/v2\/types\/post"}],"author":[{"embeddable":true,"href":"https:\/\/masquenoticiastucuman.com.ar\/index.php?rest_route=\/wp\/v2\/users\/1"}],"replies":[{"embeddable":true,"href":"https:\/\/masquenoticiastucuman.com.ar\/index.php?rest_route=%2Fwp%2Fv2%2Fcomments&post=60850"}],"version-history":[{"count":0,"href":"https:\/\/masquenoticiastucuman.com.ar\/index.php?rest_route=\/wp\/v2\/posts\/60850\/revisions"}],"wp:attachment":[{"href":"https:\/\/masquenoticiastucuman.com.ar\/index.php?rest_route=%2Fwp%2Fv2%2Fmedia&parent=60850"}],"wp:term":[{"taxonomy":"category","embeddable":true,"href":"https:\/\/masquenoticiastucuman.com.ar\/index.php?rest_route=%2Fwp%2Fv2%2Fcategories&post=60850"},{"taxonomy":"post_tag","embeddable":true,"href":"https:\/\/masquenoticiastucuman.com.ar\/index.php?rest_route=%2Fwp%2Fv2%2Ftags&post=60850"}],"curies":[{"name":"wp","href":"https:\/\/api.w.org\/{rel}","templated":true}]}}