{"id":60852,"date":"2026-04-19T08:59:03","date_gmt":"2026-04-19T11:59:03","guid":{"rendered":"http:\/\/masquenoticiastucuman.com.ar\/?p=60852"},"modified":"2026-04-19T08:59:03","modified_gmt":"2026-04-19T11:59:03","slug":"los-pumas-medalla-de-plata-en-el-seven-de-hong-kong-perdieron-con-sudafrica-pero-suenan-con-el-titulo-que-se-le-nego-dos-veces","status":"publish","type":"post","link":"https:\/\/masquenoticiastucuman.com.ar\/?p=60852","title":{"rendered":"Los Pumas, medalla de plata en el Seven de Hong Kong: perdieron con Sud\u00e1frica pero sue\u00f1an con el t\u00edtulo que se le neg\u00f3 dos veces"},"content":{"rendered":"<ul>\n<li>Los dirigidos por Santiago G\u00f3mez Cora cayeron en la final por 35-7.<\/li>\n<li>Quedan dos fechas m\u00e1s en este sistema nuevo de definici\u00f3n del Circuito Mundial.<\/li>\n<\/ul>\n<p>\u200bLos dirigidos por Santiago G\u00f3mez Cora cayeron en la final por 35-7.Quedan dos fechas m\u00e1s en este sistema nuevo de definici\u00f3n del Circuito Mundial.\u00a0<a href=\"https:\/\/www.clarin.com\/deportes\/pumas-medalla-plata-seven-hong-kong-perdieron-sudafrica-suenan-titulo-nego-veces_0_nDw4XHArlh.html\" target=\"_blank\" class=\"feedzy-rss-link-icon\">Read More<\/a><\/p>","protected":false},"excerpt":{"rendered":"<p>Los dirigidos por Santiago G\u00f3mez Cora cayeron en la final por 35-7. Quedan dos fechas&#8230;<\/p>\n","protected":false},"author":1,"featured_media":0,"comment_status":"open","ping_status":"open","sticky":false,"template":"","format":"standard","meta":{"footnotes":""},"categories":[6],"tags":[],"class_list":["post-60852","post","type-post","status-publish","format-standard","has-post-thumbnail","hentry","category-deportes"],"_links":{"self":[{"href":"https:\/\/masquenoticiastucuman.com.ar\/index.php?rest_route=\/wp\/v2\/posts\/60852","targetHints":{"allow":["GET"]}}],"collection":[{"href":"https:\/\/masquenoticiastucuman.com.ar\/index.php?rest_route=\/wp\/v2\/posts"}],"about":[{"href":"https:\/\/masquenoticiastucuman.com.ar\/index.php?rest_route=\/wp\/v2\/types\/post"}],"author":[{"embeddable":true,"href":"https:\/\/masquenoticiastucuman.com.ar\/index.php?rest_route=\/wp\/v2\/users\/1"}],"replies":[{"embeddable":true,"href":"https:\/\/masquenoticiastucuman.com.ar\/index.php?rest_route=%2Fwp%2Fv2%2Fcomments&post=60852"}],"version-history":[{"count":0,"href":"https:\/\/masquenoticiastucuman.com.ar\/index.php?rest_route=\/wp\/v2\/posts\/60852\/revisions"}],"wp:attachment":[{"href":"https:\/\/masquenoticiastucuman.com.ar\/index.php?rest_route=%2Fwp%2Fv2%2Fmedia&parent=60852"}],"wp:term":[{"taxonomy":"category","embeddable":true,"href":"https:\/\/masquenoticiastucuman.com.ar\/index.php?rest_route=%2Fwp%2Fv2%2Fcategories&post=60852"},{"taxonomy":"post_tag","embeddable":true,"href":"https:\/\/masquenoticiastucuman.com.ar\/index.php?rest_route=%2Fwp%2Fv2%2Ftags&post=60852"}],"curies":[{"name":"wp","href":"https:\/\/api.w.org\/{rel}","templated":true}]}}