{"id":60861,"date":"2026-04-19T10:26:52","date_gmt":"2026-04-19T13:26:52","guid":{"rendered":"http:\/\/masquenoticiastucuman.com.ar\/?p=60861"},"modified":"2026-04-19T10:26:52","modified_gmt":"2026-04-19T13:26:52","slug":"los-18-mejores-meses-y-una-fabrica-cerrada-que-no-cierra","status":"publish","type":"post","link":"https:\/\/masquenoticiastucuman.com.ar\/?p=60861","title":{"rendered":"Los 18 mejores meses y una f\u00e1brica cerrada que no cierra"},"content":{"rendered":"<ul>\n<li>El ministro de Econom\u00eda, Luis Caputo, consigui\u00f3 financiamiento para pagar deuda y volvi\u00f3 a asegurar que no saldr\u00e1 al mercado.<\/li>\n<li>FATE hace dos meses que anunci\u00f3 su cierre, pero hay m\u00e1s de 200 trabajadores que todav\u00eda no fueron indemnizados.<\/li>\n<\/ul>\n<p><\/p>\n<p>\u200bEl ministro de Econom\u00eda, Luis Caputo, consigui\u00f3 financiamiento para pagar deuda y volvi\u00f3 a asegurar que no saldr\u00e1 al mercado.FATE hace dos meses que anunci\u00f3 su cierre, pero hay m\u00e1s de 200 trabajadores que todav\u00eda no fueron indemnizados.\u00a0<a href=\"https:\/\/www.clarin.com\/economia\/18-mejores-meses-fabrica-cerrada-cierra_0_iEYGHy9mnA.html\" target=\"_blank\" class=\"feedzy-rss-link-icon\">Read More<\/a><\/p>","protected":false},"excerpt":{"rendered":"<p>El ministro de Econom\u00eda, Luis Caputo, consigui\u00f3 financiamiento para pagar deuda y volvi\u00f3 a asegurar&#8230;<\/p>\n","protected":false},"author":1,"featured_media":0,"comment_status":"open","ping_status":"open","sticky":false,"template":"","format":"standard","meta":{"footnotes":""},"categories":[3],"tags":[],"class_list":["post-60861","post","type-post","status-publish","format-standard","has-post-thumbnail","hentry","category-nacionales"],"_links":{"self":[{"href":"https:\/\/masquenoticiastucuman.com.ar\/index.php?rest_route=\/wp\/v2\/posts\/60861","targetHints":{"allow":["GET"]}}],"collection":[{"href":"https:\/\/masquenoticiastucuman.com.ar\/index.php?rest_route=\/wp\/v2\/posts"}],"about":[{"href":"https:\/\/masquenoticiastucuman.com.ar\/index.php?rest_route=\/wp\/v2\/types\/post"}],"author":[{"embeddable":true,"href":"https:\/\/masquenoticiastucuman.com.ar\/index.php?rest_route=\/wp\/v2\/users\/1"}],"replies":[{"embeddable":true,"href":"https:\/\/masquenoticiastucuman.com.ar\/index.php?rest_route=%2Fwp%2Fv2%2Fcomments&post=60861"}],"version-history":[{"count":0,"href":"https:\/\/masquenoticiastucuman.com.ar\/index.php?rest_route=\/wp\/v2\/posts\/60861\/revisions"}],"wp:attachment":[{"href":"https:\/\/masquenoticiastucuman.com.ar\/index.php?rest_route=%2Fwp%2Fv2%2Fmedia&parent=60861"}],"wp:term":[{"taxonomy":"category","embeddable":true,"href":"https:\/\/masquenoticiastucuman.com.ar\/index.php?rest_route=%2Fwp%2Fv2%2Fcategories&post=60861"},{"taxonomy":"post_tag","embeddable":true,"href":"https:\/\/masquenoticiastucuman.com.ar\/index.php?rest_route=%2Fwp%2Fv2%2Ftags&post=60861"}],"curies":[{"name":"wp","href":"https:\/\/api.w.org\/{rel}","templated":true}]}}