{"id":60862,"date":"2026-04-19T11:01:16","date_gmt":"2026-04-19T14:01:16","guid":{"rendered":"http:\/\/masquenoticiastucuman.com.ar\/?p=60862"},"modified":"2026-04-19T11:01:16","modified_gmt":"2026-04-19T14:01:16","slug":"guerra-en-medio-oriente-israel-establecio-una-linea-amarilla-en-el-sur-del-libano-y-publico-un-mapa-de-la-zona-ocupada","status":"publish","type":"post","link":"https:\/\/masquenoticiastucuman.com.ar\/?p=60862","title":{"rendered":"Guerra en Medio Oriente: Israel estableci\u00f3 una &#8220;l\u00ednea amarilla&#8221; en el sur del L\u00edbano y public\u00f3 un mapa de la zona ocupada"},"content":{"rendered":"<ul>\n<li>Se trata de una franja que ocupan militarmente las tropas israel\u00edes y la denominaci\u00f3n es similar a la de Gaza.<\/li>\n<li>El ministro de Defensa israel\u00ed dio instrucciones al ej\u00e9rcito de usar sus fuerzas en caso de amenaza, a pesar de la tregua vigente.<\/li>\n<\/ul>\n<p>\u200bSe trata de una franja que ocupan militarmente las tropas israel\u00edes y la denominaci\u00f3n es similar a la de Gaza.El ministro de Defensa israel\u00ed dio instrucciones al ej\u00e9rcito de usar sus fuerzas en caso de amenaza, a pesar de la tregua vigente.\u00a0<a href=\"https:\/\/www.clarin.com\/mundo\/guerra-medio-oriente-israel-establecio-linea-amarilla-sur-libano-publico-mapa-zona-ocupada_0_4DAqxFraoh.html\" target=\"_blank\" class=\"feedzy-rss-link-icon\">Read More<\/a><\/p>","protected":false},"excerpt":{"rendered":"<p>Se trata de una franja que ocupan militarmente las tropas israel\u00edes y la denominaci\u00f3n es&#8230;<\/p>\n","protected":false},"author":1,"featured_media":60863,"comment_status":"open","ping_status":"open","sticky":false,"template":"","format":"standard","meta":{"footnotes":""},"categories":[4],"tags":[],"class_list":["post-60862","post","type-post","status-publish","format-standard","has-post-thumbnail","hentry","category-internacionales"],"_links":{"self":[{"href":"https:\/\/masquenoticiastucuman.com.ar\/index.php?rest_route=\/wp\/v2\/posts\/60862","targetHints":{"allow":["GET"]}}],"collection":[{"href":"https:\/\/masquenoticiastucuman.com.ar\/index.php?rest_route=\/wp\/v2\/posts"}],"about":[{"href":"https:\/\/masquenoticiastucuman.com.ar\/index.php?rest_route=\/wp\/v2\/types\/post"}],"author":[{"embeddable":true,"href":"https:\/\/masquenoticiastucuman.com.ar\/index.php?rest_route=\/wp\/v2\/users\/1"}],"replies":[{"embeddable":true,"href":"https:\/\/masquenoticiastucuman.com.ar\/index.php?rest_route=%2Fwp%2Fv2%2Fcomments&post=60862"}],"version-history":[{"count":0,"href":"https:\/\/masquenoticiastucuman.com.ar\/index.php?rest_route=\/wp\/v2\/posts\/60862\/revisions"}],"wp:featuredmedia":[{"embeddable":true,"href":"https:\/\/masquenoticiastucuman.com.ar\/index.php?rest_route=\/wp\/v2\/media\/60863"}],"wp:attachment":[{"href":"https:\/\/masquenoticiastucuman.com.ar\/index.php?rest_route=%2Fwp%2Fv2%2Fmedia&parent=60862"}],"wp:term":[{"taxonomy":"category","embeddable":true,"href":"https:\/\/masquenoticiastucuman.com.ar\/index.php?rest_route=%2Fwp%2Fv2%2Fcategories&post=60862"},{"taxonomy":"post_tag","embeddable":true,"href":"https:\/\/masquenoticiastucuman.com.ar\/index.php?rest_route=%2Fwp%2Fv2%2Ftags&post=60862"}],"curies":[{"name":"wp","href":"https:\/\/api.w.org\/{rel}","templated":true}]}}