{"id":60865,"date":"2026-04-19T10:12:16","date_gmt":"2026-04-19T13:12:16","guid":{"rendered":"http:\/\/masquenoticiastucuman.com.ar\/?p=60865"},"modified":"2026-04-19T10:12:16","modified_gmt":"2026-04-19T13:12:16","slug":"boca-hizo-historia-en-nunez-antes-del-superclasico-de-futbol-campeon-por-primera-vez-de-la-champions-league-americas-de-basquet","status":"publish","type":"post","link":"https:\/\/masquenoticiastucuman.com.ar\/?p=60865","title":{"rendered":"Boca hizo historia en N\u00fa\u00f1ez antes del Supercl\u00e1sico de f\u00fatbol: campe\u00f3n por primera vez de la Champions League Americas de b\u00e1squet"},"content":{"rendered":"<ul>\n<li>Ante una multitud en el estadio de Obras, venci\u00f3 a Sesi Franca de Brasil en el cierre del Final Four.<\/li>\n<li>As\u00ed, se tom\u00f3 revancha de la final perdida en 2025 contra Flamengo.<\/li>\n<\/ul>\n<p>\u200bAnte una multitud en el estadio de Obras, venci\u00f3 a Sesi Franca de Brasil en el cierre del Final Four.As\u00ed, se tom\u00f3 revancha de la final perdida en 2025 contra Flamengo.\u00a0<a href=\"https:\/\/www.clarin.com\/deportes\/boca-hizo-historia-nunez-superclasico-futbol-campeon-primera-vez-champions-league-americas-basquet_0_MwPnTTORvg.html\" target=\"_blank\" class=\"feedzy-rss-link-icon\">Read More<\/a><\/p>","protected":false},"excerpt":{"rendered":"<p>Ante una multitud en el estadio de Obras, venci\u00f3 a Sesi Franca de Brasil en&#8230;<\/p>\n","protected":false},"author":1,"featured_media":0,"comment_status":"open","ping_status":"open","sticky":false,"template":"","format":"standard","meta":{"footnotes":""},"categories":[6],"tags":[],"class_list":["post-60865","post","type-post","status-publish","format-standard","has-post-thumbnail","hentry","category-deportes"],"_links":{"self":[{"href":"https:\/\/masquenoticiastucuman.com.ar\/index.php?rest_route=\/wp\/v2\/posts\/60865","targetHints":{"allow":["GET"]}}],"collection":[{"href":"https:\/\/masquenoticiastucuman.com.ar\/index.php?rest_route=\/wp\/v2\/posts"}],"about":[{"href":"https:\/\/masquenoticiastucuman.com.ar\/index.php?rest_route=\/wp\/v2\/types\/post"}],"author":[{"embeddable":true,"href":"https:\/\/masquenoticiastucuman.com.ar\/index.php?rest_route=\/wp\/v2\/users\/1"}],"replies":[{"embeddable":true,"href":"https:\/\/masquenoticiastucuman.com.ar\/index.php?rest_route=%2Fwp%2Fv2%2Fcomments&post=60865"}],"version-history":[{"count":0,"href":"https:\/\/masquenoticiastucuman.com.ar\/index.php?rest_route=\/wp\/v2\/posts\/60865\/revisions"}],"wp:attachment":[{"href":"https:\/\/masquenoticiastucuman.com.ar\/index.php?rest_route=%2Fwp%2Fv2%2Fmedia&parent=60865"}],"wp:term":[{"taxonomy":"category","embeddable":true,"href":"https:\/\/masquenoticiastucuman.com.ar\/index.php?rest_route=%2Fwp%2Fv2%2Fcategories&post=60865"},{"taxonomy":"post_tag","embeddable":true,"href":"https:\/\/masquenoticiastucuman.com.ar\/index.php?rest_route=%2Fwp%2Fv2%2Ftags&post=60865"}],"curies":[{"name":"wp","href":"https:\/\/api.w.org\/{rel}","templated":true}]}}