{"id":60870,"date":"2026-04-19T13:02:27","date_gmt":"2026-04-19T16:02:27","guid":{"rendered":"http:\/\/masquenoticiastucuman.com.ar\/?p=60870"},"modified":"2026-04-19T13:02:27","modified_gmt":"2026-04-19T16:02:27","slug":"monica-cahen-danvers-se-animo-a-cantar-a-los-91-anos-junto-a-su-hija-sandra-mihanovich-en-la-campina-de-san-pedro","status":"publish","type":"post","link":"https:\/\/masquenoticiastucuman.com.ar\/?p=60870","title":{"rendered":"M\u00f3nica Cahen D\u2019Anvers se anim\u00f3 a cantar a los 91 a\u00f1os junto a su hija, Sandra Mihanovich, en &#8220;La Campi\u00f1a&#8221; de San Pedro"},"content":{"rendered":"<ul>\n<li>La emblem\u00e1tica conductora de &#8220;Telenoche&#8221;, y pieza fundamental de la TV argentina, estuvo en el lanzamiento de la canci\u00f3n que sus hijos y su nieta presentaron para honrar el lugar que cre\u00f3 junto a C\u00e9sar Mascetti.<\/li>\n<li><strong>Clar\u00edn<\/strong> estuvo all\u00ed para presenciar una velada emocionante, en memoria de \u00e9l, que muri\u00f3 hace tres a\u00f1os y medio.<\/li>\n<\/ul>\n<p>\u200bLa emblem\u00e1tica conductora de &#8220;Telenoche&#8221;, y pieza fundamental de la TV argentina, estuvo en el lanzamiento de la canci\u00f3n que sus hijos y su nieta presentaron para honrar el lugar que cre\u00f3 junto a C\u00e9sar Mascetti.Clar\u00edn estuvo all\u00ed para presenciar una velada emocionante, en memoria de \u00e9l, que muri\u00f3 hace tres a\u00f1os y medio.\u00a0<a href=\"https:\/\/www.clarin.com\/espectaculos\/monica-cahen-danvers-animo-cantar-91-anos-junto-hija-sandra-mihanovich-campina-san-pedro_0_IYNwirbjRZ.html\" target=\"_blank\" class=\"feedzy-rss-link-icon\">Read More<\/a><\/p>","protected":false},"excerpt":{"rendered":"<p>La emblem\u00e1tica conductora de &#8220;Telenoche&#8221;, y pieza fundamental de la TV argentina, estuvo en el&#8230;<\/p>\n","protected":false},"author":1,"featured_media":0,"comment_status":"open","ping_status":"open","sticky":false,"template":"","format":"standard","meta":{"footnotes":""},"categories":[5],"tags":[],"class_list":["post-60870","post","type-post","status-publish","format-standard","has-post-thumbnail","hentry","category-espectaculo"],"_links":{"self":[{"href":"https:\/\/masquenoticiastucuman.com.ar\/index.php?rest_route=\/wp\/v2\/posts\/60870","targetHints":{"allow":["GET"]}}],"collection":[{"href":"https:\/\/masquenoticiastucuman.com.ar\/index.php?rest_route=\/wp\/v2\/posts"}],"about":[{"href":"https:\/\/masquenoticiastucuman.com.ar\/index.php?rest_route=\/wp\/v2\/types\/post"}],"author":[{"embeddable":true,"href":"https:\/\/masquenoticiastucuman.com.ar\/index.php?rest_route=\/wp\/v2\/users\/1"}],"replies":[{"embeddable":true,"href":"https:\/\/masquenoticiastucuman.com.ar\/index.php?rest_route=%2Fwp%2Fv2%2Fcomments&post=60870"}],"version-history":[{"count":0,"href":"https:\/\/masquenoticiastucuman.com.ar\/index.php?rest_route=\/wp\/v2\/posts\/60870\/revisions"}],"wp:attachment":[{"href":"https:\/\/masquenoticiastucuman.com.ar\/index.php?rest_route=%2Fwp%2Fv2%2Fmedia&parent=60870"}],"wp:term":[{"taxonomy":"category","embeddable":true,"href":"https:\/\/masquenoticiastucuman.com.ar\/index.php?rest_route=%2Fwp%2Fv2%2Fcategories&post=60870"},{"taxonomy":"post_tag","embeddable":true,"href":"https:\/\/masquenoticiastucuman.com.ar\/index.php?rest_route=%2Fwp%2Fv2%2Ftags&post=60870"}],"curies":[{"name":"wp","href":"https:\/\/api.w.org\/{rel}","templated":true}]}}