{"id":60871,"date":"2026-04-19T13:12:58","date_gmt":"2026-04-19T16:12:58","guid":{"rendered":"http:\/\/masquenoticiastucuman.com.ar\/?p=60871"},"modified":"2026-04-19T13:12:58","modified_gmt":"2026-04-19T16:12:58","slug":"mac-allister-entro-van-dijk-la-metio-y-liverpool-le-gano-en-la-ultima-jugada-a-everton-en-un-derbi-de-merseyside-muy-especial","status":"publish","type":"post","link":"https:\/\/masquenoticiastucuman.com.ar\/?p=60871","title":{"rendered":"Mac Allister entr\u00f3, Van Dijk la meti\u00f3 y Liverpool le gan\u00f3 en la \u00faltima jugada a Everton en un derbi de Merseyside muy especial"},"content":{"rendered":"<ul>\n<li>El argentino ingres\u00f3 sobre el final en un cl\u00e1sico que tuvo un desenlace dram\u00e1tico.<\/li>\n<li>El gol del triunfo en el d\u00e9cimo minuto del descuento.<\/li>\n<li>Fue el primer cl\u00e1sico jugado en el nuevo estadio de los Toffees.<\/li>\n<\/ul>\n<p>\u200bEl argentino ingres\u00f3 sobre el final en un cl\u00e1sico que tuvo un desenlace dram\u00e1tico.El gol del triunfo en el d\u00e9cimo minuto del descuento.Fue el primer cl\u00e1sico jugado en el nuevo estadio de los Toffees.\u00a0<a href=\"https:\/\/www.clarin.com\/deportes\/mac-allister-entro-van-dijk-metio-liverpool-gano-ultima-jugada-everton-derbi-merseyside-especial_0_WtO2LFRPX0.html\" target=\"_blank\" class=\"feedzy-rss-link-icon\">Read More<\/a><\/p>","protected":false},"excerpt":{"rendered":"<p>El argentino ingres\u00f3 sobre el final en un cl\u00e1sico que tuvo un desenlace dram\u00e1tico. El&#8230;<\/p>\n","protected":false},"author":1,"featured_media":0,"comment_status":"open","ping_status":"open","sticky":false,"template":"","format":"standard","meta":{"footnotes":""},"categories":[6],"tags":[],"class_list":["post-60871","post","type-post","status-publish","format-standard","has-post-thumbnail","hentry","category-deportes"],"_links":{"self":[{"href":"https:\/\/masquenoticiastucuman.com.ar\/index.php?rest_route=\/wp\/v2\/posts\/60871","targetHints":{"allow":["GET"]}}],"collection":[{"href":"https:\/\/masquenoticiastucuman.com.ar\/index.php?rest_route=\/wp\/v2\/posts"}],"about":[{"href":"https:\/\/masquenoticiastucuman.com.ar\/index.php?rest_route=\/wp\/v2\/types\/post"}],"author":[{"embeddable":true,"href":"https:\/\/masquenoticiastucuman.com.ar\/index.php?rest_route=\/wp\/v2\/users\/1"}],"replies":[{"embeddable":true,"href":"https:\/\/masquenoticiastucuman.com.ar\/index.php?rest_route=%2Fwp%2Fv2%2Fcomments&post=60871"}],"version-history":[{"count":0,"href":"https:\/\/masquenoticiastucuman.com.ar\/index.php?rest_route=\/wp\/v2\/posts\/60871\/revisions"}],"wp:attachment":[{"href":"https:\/\/masquenoticiastucuman.com.ar\/index.php?rest_route=%2Fwp%2Fv2%2Fmedia&parent=60871"}],"wp:term":[{"taxonomy":"category","embeddable":true,"href":"https:\/\/masquenoticiastucuman.com.ar\/index.php?rest_route=%2Fwp%2Fv2%2Fcategories&post=60871"},{"taxonomy":"post_tag","embeddable":true,"href":"https:\/\/masquenoticiastucuman.com.ar\/index.php?rest_route=%2Fwp%2Fv2%2Ftags&post=60871"}],"curies":[{"name":"wp","href":"https:\/\/api.w.org\/{rel}","templated":true}]}}