{"id":60872,"date":"2026-04-19T12:57:24","date_gmt":"2026-04-19T15:57:24","guid":{"rendered":"http:\/\/masquenoticiastucuman.com.ar\/?p=60872"},"modified":"2026-04-19T12:57:24","modified_gmt":"2026-04-19T15:57:24","slug":"talleres-de-cordoba-vs-deportivo-riestra-en-vivo-a-que-hora-es-y-como-ver-el-partido-del-torneo-apertura","status":"publish","type":"post","link":"https:\/\/masquenoticiastucuman.com.ar\/?p=60872","title":{"rendered":"Talleres de C\u00f3rdoba vs Deportivo Riestra, EN VIVO: a qu\u00e9 hora es y c\u00f3mo ver el partido del Torneo Apertura"},"content":{"rendered":"<ul>\n<li>El equipo de Carlos Tevez est\u00e1 en zona de Playoffs pero no se puede dormir.<\/li>\n<li>Segu\u00ed el minuto a minuto en Clar\u00edn.<\/li>\n<\/ul>\n<p>\u200bEl equipo de Carlos Tevez est\u00e1 en zona de Playoffs pero no se puede dormir.Segu\u00ed el minuto a minuto en Clar\u00edn.\u00a0<a href=\"https:\/\/www.clarin.com\/deportes\/talleres-cordoba-vs-deportivo-riestra-vivo-hora-ver-partido-torneo-apertura_0_9qcJVRxW0G.html\" target=\"_blank\" class=\"feedzy-rss-link-icon\">Read More<\/a><\/p>","protected":false},"excerpt":{"rendered":"<p>El equipo de Carlos Tevez est\u00e1 en zona de Playoffs pero no se puede dormir&#8230;.<\/p>\n","protected":false},"author":1,"featured_media":0,"comment_status":"open","ping_status":"open","sticky":false,"template":"","format":"standard","meta":{"footnotes":""},"categories":[6],"tags":[],"class_list":["post-60872","post","type-post","status-publish","format-standard","has-post-thumbnail","hentry","category-deportes"],"_links":{"self":[{"href":"https:\/\/masquenoticiastucuman.com.ar\/index.php?rest_route=\/wp\/v2\/posts\/60872","targetHints":{"allow":["GET"]}}],"collection":[{"href":"https:\/\/masquenoticiastucuman.com.ar\/index.php?rest_route=\/wp\/v2\/posts"}],"about":[{"href":"https:\/\/masquenoticiastucuman.com.ar\/index.php?rest_route=\/wp\/v2\/types\/post"}],"author":[{"embeddable":true,"href":"https:\/\/masquenoticiastucuman.com.ar\/index.php?rest_route=\/wp\/v2\/users\/1"}],"replies":[{"embeddable":true,"href":"https:\/\/masquenoticiastucuman.com.ar\/index.php?rest_route=%2Fwp%2Fv2%2Fcomments&post=60872"}],"version-history":[{"count":0,"href":"https:\/\/masquenoticiastucuman.com.ar\/index.php?rest_route=\/wp\/v2\/posts\/60872\/revisions"}],"wp:attachment":[{"href":"https:\/\/masquenoticiastucuman.com.ar\/index.php?rest_route=%2Fwp%2Fv2%2Fmedia&parent=60872"}],"wp:term":[{"taxonomy":"category","embeddable":true,"href":"https:\/\/masquenoticiastucuman.com.ar\/index.php?rest_route=%2Fwp%2Fv2%2Fcategories&post=60872"},{"taxonomy":"post_tag","embeddable":true,"href":"https:\/\/masquenoticiastucuman.com.ar\/index.php?rest_route=%2Fwp%2Fv2%2Ftags&post=60872"}],"curies":[{"name":"wp","href":"https:\/\/api.w.org\/{rel}","templated":true}]}}