{"id":60873,"date":"2026-04-19T15:34:53","date_gmt":"2026-04-19T18:34:53","guid":{"rendered":"http:\/\/masquenoticiastucuman.com.ar\/?p=60873"},"modified":"2026-04-19T15:34:53","modified_gmt":"2026-04-19T18:34:53","slug":"el-papa-en-angola-pidio-que-la-tregua-en-libano-se-vuelva-permanente-en-todo-oriente-medio","status":"publish","type":"post","link":"https:\/\/masquenoticiastucuman.com.ar\/?p=60873","title":{"rendered":"El papa en Angola: pidi\u00f3 que la tregua en L\u00edbano se vuelva permanente en todo Oriente Medio"},"content":{"rendered":"<ul>\n<li>\u201cRenuevo el llamamiento para que las armas callen y se siga el camino del di\u00e1logo\u201d, exclam\u00f3 ante la multitud que lo ovacionaba.<\/li>\n<li>Adem\u00e1s, el pont\u00edfice reclam\u00f3 la paz en Ucrania y reiter\u00f3 su deseo de que el cese de hostilidades en territorio liban\u00e9s sea definitivo.<\/li>\n<\/ul>\n<p>\u200b\u201cRenuevo el llamamiento para que las armas callen y se siga el camino del di\u00e1logo\u201d, exclam\u00f3 ante la multitud que lo ovacionaba.Adem\u00e1s, el pont\u00edfice reclam\u00f3 la paz en Ucrania y reiter\u00f3 su deseo de que el cese de hostilidades en territorio liban\u00e9s sea definitivo.\u00a0<a href=\"https:\/\/www.clarin.com\/mundo\/papa-angola-pidio-tregua-libano-vuelva-permanente-oriente-medio_0_8htJ7As4sG.html\" target=\"_blank\" class=\"feedzy-rss-link-icon\">Read More<\/a><\/p>","protected":false},"excerpt":{"rendered":"<p>\u201cRenuevo el llamamiento para que las armas callen y se siga el camino del di\u00e1logo\u201d,&#8230;<\/p>\n","protected":false},"author":1,"featured_media":60874,"comment_status":"open","ping_status":"open","sticky":false,"template":"","format":"standard","meta":{"footnotes":""},"categories":[4],"tags":[],"class_list":["post-60873","post","type-post","status-publish","format-standard","has-post-thumbnail","hentry","category-internacionales"],"_links":{"self":[{"href":"https:\/\/masquenoticiastucuman.com.ar\/index.php?rest_route=\/wp\/v2\/posts\/60873","targetHints":{"allow":["GET"]}}],"collection":[{"href":"https:\/\/masquenoticiastucuman.com.ar\/index.php?rest_route=\/wp\/v2\/posts"}],"about":[{"href":"https:\/\/masquenoticiastucuman.com.ar\/index.php?rest_route=\/wp\/v2\/types\/post"}],"author":[{"embeddable":true,"href":"https:\/\/masquenoticiastucuman.com.ar\/index.php?rest_route=\/wp\/v2\/users\/1"}],"replies":[{"embeddable":true,"href":"https:\/\/masquenoticiastucuman.com.ar\/index.php?rest_route=%2Fwp%2Fv2%2Fcomments&post=60873"}],"version-history":[{"count":0,"href":"https:\/\/masquenoticiastucuman.com.ar\/index.php?rest_route=\/wp\/v2\/posts\/60873\/revisions"}],"wp:featuredmedia":[{"embeddable":true,"href":"https:\/\/masquenoticiastucuman.com.ar\/index.php?rest_route=\/wp\/v2\/media\/60874"}],"wp:attachment":[{"href":"https:\/\/masquenoticiastucuman.com.ar\/index.php?rest_route=%2Fwp%2Fv2%2Fmedia&parent=60873"}],"wp:term":[{"taxonomy":"category","embeddable":true,"href":"https:\/\/masquenoticiastucuman.com.ar\/index.php?rest_route=%2Fwp%2Fv2%2Fcategories&post=60873"},{"taxonomy":"post_tag","embeddable":true,"href":"https:\/\/masquenoticiastucuman.com.ar\/index.php?rest_route=%2Fwp%2Fv2%2Ftags&post=60873"}],"curies":[{"name":"wp","href":"https:\/\/api.w.org\/{rel}","templated":true}]}}