{"id":60876,"date":"2026-04-19T14:43:46","date_gmt":"2026-04-19T17:43:46","guid":{"rendered":"http:\/\/masquenoticiastucuman.com.ar\/?p=60876"},"modified":"2026-04-19T14:43:46","modified_gmt":"2026-04-19T17:43:46","slug":"bayern-munich-en-modo-imperial-se-consagro-campeon-de-la-bundesliga-y-estiro-su-dominio-historico-en-alemania","status":"publish","type":"post","link":"https:\/\/masquenoticiastucuman.com.ar\/?p=60876","title":{"rendered":"Bayern M\u00fanich, en modo imperial, se consagr\u00f3 campe\u00f3n de la Bundesliga y estir\u00f3 su dominio hist\u00f3rico en Alemania"},"content":{"rendered":"<ul>\n<li>Le gan\u00f3 4-2 a Stuttgart y se consagr\u00f3 con cuatro fechas de anticipaci\u00f3n.<\/li>\n<li>Le sac\u00f3 15 puntos a su escolta, Borussia Dortmund.<\/li>\n<li>Harry Kane, ya sin la vieja maldici\u00f3n como mochila, volvi\u00f3 a marcar y es una de las grandes figuras del campeonato.<\/li>\n<\/ul>\n<p>\u200bLe gan\u00f3 4-2 a Stuttgart y se consagr\u00f3 con cuatro fechas de anticipaci\u00f3n.Le sac\u00f3 15 puntos a su escolta, Borussia Dortmund.Harry Kane, ya sin la vieja maldici\u00f3n como mochila, volvi\u00f3 a marcar y es una de las grandes figuras del campeonato.\u00a0<a href=\"https:\/\/www.clarin.com\/deportes\/bayern-munich-modo-imperial-consagro-campeon-bundesliga-estiro-dominio-historico-alemania_0_YIlu8TTWiQ.html\" target=\"_blank\" class=\"feedzy-rss-link-icon\">Read More<\/a><\/p>","protected":false},"excerpt":{"rendered":"<p>Le gan\u00f3 4-2 a Stuttgart y se consagr\u00f3 con cuatro fechas de anticipaci\u00f3n. Le sac\u00f3&#8230;<\/p>\n","protected":false},"author":1,"featured_media":0,"comment_status":"open","ping_status":"open","sticky":false,"template":"","format":"standard","meta":{"footnotes":""},"categories":[6],"tags":[],"class_list":["post-60876","post","type-post","status-publish","format-standard","has-post-thumbnail","hentry","category-deportes"],"_links":{"self":[{"href":"https:\/\/masquenoticiastucuman.com.ar\/index.php?rest_route=\/wp\/v2\/posts\/60876","targetHints":{"allow":["GET"]}}],"collection":[{"href":"https:\/\/masquenoticiastucuman.com.ar\/index.php?rest_route=\/wp\/v2\/posts"}],"about":[{"href":"https:\/\/masquenoticiastucuman.com.ar\/index.php?rest_route=\/wp\/v2\/types\/post"}],"author":[{"embeddable":true,"href":"https:\/\/masquenoticiastucuman.com.ar\/index.php?rest_route=\/wp\/v2\/users\/1"}],"replies":[{"embeddable":true,"href":"https:\/\/masquenoticiastucuman.com.ar\/index.php?rest_route=%2Fwp%2Fv2%2Fcomments&post=60876"}],"version-history":[{"count":0,"href":"https:\/\/masquenoticiastucuman.com.ar\/index.php?rest_route=\/wp\/v2\/posts\/60876\/revisions"}],"wp:attachment":[{"href":"https:\/\/masquenoticiastucuman.com.ar\/index.php?rest_route=%2Fwp%2Fv2%2Fmedia&parent=60876"}],"wp:term":[{"taxonomy":"category","embeddable":true,"href":"https:\/\/masquenoticiastucuman.com.ar\/index.php?rest_route=%2Fwp%2Fv2%2Fcategories&post=60876"},{"taxonomy":"post_tag","embeddable":true,"href":"https:\/\/masquenoticiastucuman.com.ar\/index.php?rest_route=%2Fwp%2Fv2%2Ftags&post=60876"}],"curies":[{"name":"wp","href":"https:\/\/api.w.org\/{rel}","templated":true}]}}