{"id":60877,"date":"2026-04-19T14:21:07","date_gmt":"2026-04-19T17:21:07","guid":{"rendered":"http:\/\/masquenoticiastucuman.com.ar\/?p=60877"},"modified":"2026-04-19T14:21:07","modified_gmt":"2026-04-19T17:21:07","slug":"tragedia-en-el-rally-sudamericano-murio-un-espectador-tras-el-despiste-de-un-auto-en-mina-clavero","status":"publish","type":"post","link":"https:\/\/masquenoticiastucuman.com.ar\/?p=60877","title":{"rendered":"Tragedia en el Rally Sudamericano: muri\u00f3 un espectador tras el despiste de un auto en Mina Clavero"},"content":{"rendered":"<ul>\n<li>El accidente ocurri\u00f3 en el tramo Giulio Cesare cuando un auto perdi\u00f3 el control y se dirigi\u00f3 hacia el p\u00fablico.<\/li>\n<li>La competencia fue cancelada tras el hecho y se activ\u00f3 un comit\u00e9 de crisis por parte de la organizaci\u00f3n.<\/li>\n<\/ul>\n<p>\u200bEl accidente ocurri\u00f3 en el tramo Giulio Cesare cuando un auto perdi\u00f3 el control y se dirigi\u00f3 hacia el p\u00fablico.La competencia fue cancelada tras el hecho y se activ\u00f3 un comit\u00e9 de crisis por parte de la organizaci\u00f3n.\u00a0<a href=\"https:\/\/www.clarin.com\/deportes\/tragedia-rally-sudamericano-murio-espectador-despiste-auto-mina-clavero_0_qvjLPecyip.html\" target=\"_blank\" class=\"feedzy-rss-link-icon\">Read More<\/a><\/p>","protected":false},"excerpt":{"rendered":"<p>El accidente ocurri\u00f3 en el tramo Giulio Cesare cuando un auto perdi\u00f3 el control y&#8230;<\/p>\n","protected":false},"author":1,"featured_media":0,"comment_status":"open","ping_status":"open","sticky":false,"template":"","format":"standard","meta":{"footnotes":""},"categories":[6],"tags":[],"class_list":["post-60877","post","type-post","status-publish","format-standard","has-post-thumbnail","hentry","category-deportes"],"_links":{"self":[{"href":"https:\/\/masquenoticiastucuman.com.ar\/index.php?rest_route=\/wp\/v2\/posts\/60877","targetHints":{"allow":["GET"]}}],"collection":[{"href":"https:\/\/masquenoticiastucuman.com.ar\/index.php?rest_route=\/wp\/v2\/posts"}],"about":[{"href":"https:\/\/masquenoticiastucuman.com.ar\/index.php?rest_route=\/wp\/v2\/types\/post"}],"author":[{"embeddable":true,"href":"https:\/\/masquenoticiastucuman.com.ar\/index.php?rest_route=\/wp\/v2\/users\/1"}],"replies":[{"embeddable":true,"href":"https:\/\/masquenoticiastucuman.com.ar\/index.php?rest_route=%2Fwp%2Fv2%2Fcomments&post=60877"}],"version-history":[{"count":0,"href":"https:\/\/masquenoticiastucuman.com.ar\/index.php?rest_route=\/wp\/v2\/posts\/60877\/revisions"}],"wp:attachment":[{"href":"https:\/\/masquenoticiastucuman.com.ar\/index.php?rest_route=%2Fwp%2Fv2%2Fmedia&parent=60877"}],"wp:term":[{"taxonomy":"category","embeddable":true,"href":"https:\/\/masquenoticiastucuman.com.ar\/index.php?rest_route=%2Fwp%2Fv2%2Fcategories&post=60877"},{"taxonomy":"post_tag","embeddable":true,"href":"https:\/\/masquenoticiastucuman.com.ar\/index.php?rest_route=%2Fwp%2Fv2%2Ftags&post=60877"}],"curies":[{"name":"wp","href":"https:\/\/api.w.org\/{rel}","templated":true}]}}