{"id":60878,"date":"2026-04-19T15:46:00","date_gmt":"2026-04-19T18:46:00","guid":{"rendered":"http:\/\/masquenoticiastucuman.com.ar\/?p=60878"},"modified":"2026-04-19T15:46:00","modified_gmt":"2026-04-19T18:46:00","slug":"justin-bieber-le-cumplio-el-sueno-a-billie-eilish-la-historia-de-la-cancion-que-le-dedico-en-el-coachella","status":"publish","type":"post","link":"https:\/\/masquenoticiastucuman.com.ar\/?p=60878","title":{"rendered":"Justin Bieber le cumpli\u00f3 el sue\u00f1o a Billie Eilish: la historia de la canci\u00f3n que le dedic\u00f3 en el Coachella"},"content":{"rendered":"<ul>\n<li>La artista, que la rompe en la industria y tiene m\u00faltiples premios Grammy, demostr\u00f3 que el canadiense sigue emocion\u00e1ndola hasta las l\u00e1grimas.<\/li>\n<li>En el escenario la eligi\u00f3 como <em>&#8220;One less lonely girl&#8221;<\/em>, un ritual que ten\u00eda en sus giras hace una d\u00e9cada.<\/li>\n<\/ul>\n<p>\u200bLa artista, que la rompe en la industria y tiene m\u00faltiples premios Grammy, demostr\u00f3 que el canadiense sigue emocion\u00e1ndola hasta las l\u00e1grimas.En el escenario la eligi\u00f3 como &#8220;One less lonely girl&#8221;, un ritual que ten\u00eda en sus giras hace una d\u00e9cada.\u00a0<a href=\"https:\/\/www.clarin.com\/espectaculos\/justin-bieber-cumplio-sueno-billie-eilish-historia-cancion-dedico-coachella_0_PrHwM5A8Cd.html\" target=\"_blank\" class=\"feedzy-rss-link-icon\">Read More<\/a><\/p>","protected":false},"excerpt":{"rendered":"<p>La artista, que la rompe en la industria y tiene m\u00faltiples premios Grammy, demostr\u00f3 que&#8230;<\/p>\n","protected":false},"author":1,"featured_media":0,"comment_status":"open","ping_status":"open","sticky":false,"template":"","format":"standard","meta":{"footnotes":""},"categories":[5],"tags":[],"class_list":["post-60878","post","type-post","status-publish","format-standard","has-post-thumbnail","hentry","category-espectaculo"],"_links":{"self":[{"href":"https:\/\/masquenoticiastucuman.com.ar\/index.php?rest_route=\/wp\/v2\/posts\/60878","targetHints":{"allow":["GET"]}}],"collection":[{"href":"https:\/\/masquenoticiastucuman.com.ar\/index.php?rest_route=\/wp\/v2\/posts"}],"about":[{"href":"https:\/\/masquenoticiastucuman.com.ar\/index.php?rest_route=\/wp\/v2\/types\/post"}],"author":[{"embeddable":true,"href":"https:\/\/masquenoticiastucuman.com.ar\/index.php?rest_route=\/wp\/v2\/users\/1"}],"replies":[{"embeddable":true,"href":"https:\/\/masquenoticiastucuman.com.ar\/index.php?rest_route=%2Fwp%2Fv2%2Fcomments&post=60878"}],"version-history":[{"count":0,"href":"https:\/\/masquenoticiastucuman.com.ar\/index.php?rest_route=\/wp\/v2\/posts\/60878\/revisions"}],"wp:attachment":[{"href":"https:\/\/masquenoticiastucuman.com.ar\/index.php?rest_route=%2Fwp%2Fv2%2Fmedia&parent=60878"}],"wp:term":[{"taxonomy":"category","embeddable":true,"href":"https:\/\/masquenoticiastucuman.com.ar\/index.php?rest_route=%2Fwp%2Fv2%2Fcategories&post=60878"},{"taxonomy":"post_tag","embeddable":true,"href":"https:\/\/masquenoticiastucuman.com.ar\/index.php?rest_route=%2Fwp%2Fv2%2Ftags&post=60878"}],"curies":[{"name":"wp","href":"https:\/\/api.w.org\/{rel}","templated":true}]}}