{"id":60879,"date":"2026-04-19T16:20:32","date_gmt":"2026-04-19T19:20:32","guid":{"rendered":"http:\/\/masquenoticiastucuman.com.ar\/?p=60879"},"modified":"2026-04-19T16:20:32","modified_gmt":"2026-04-19T19:20:32","slug":"santiago-mangoni-volvio-al-triunfo-en-el-tc-tras-mas-de-mil-dias-de-espera-en-una-carrera-que-tuvo-un-final-caotico","status":"publish","type":"post","link":"https:\/\/masquenoticiastucuman.com.ar\/?p=60879","title":{"rendered":"Santiago Mangoni volvi\u00f3 al triunfo en el TC tras m\u00e1s de mil d\u00edas de espera en una carrera que tuvo un final ca\u00f3tico"},"content":{"rendered":"<ul>\n<li>El balcarce\u00f1o se impuso de punta a punta en Concepci\u00f3n del Uruguay y cort\u00f3 una racha de 1.043 d\u00edas sin victorias.<\/li>\n<li>Fue su cuarto \u00e9xito en la categor\u00eda y lo celebr\u00f3 con emoci\u00f3n tras una larga sequ\u00eda.<\/li>\n<li>El pace car debi\u00f3 a entrar tres veces y el cierre fue muy accidentado.<\/li>\n<\/ul>\n<p>\u200bEl balcarce\u00f1o se impuso de punta a punta en Concepci\u00f3n del Uruguay y cort\u00f3 una racha de 1.043 d\u00edas sin victorias.Fue su cuarto \u00e9xito en la categor\u00eda y lo celebr\u00f3 con emoci\u00f3n tras una larga sequ\u00eda.El pace car debi\u00f3 a entrar tres veces y el cierre fue muy accidentado.\u00a0<a href=\"https:\/\/www.clarin.com\/deportes\/santiago-mangoni-volvio-triunfo-tc-mil-dias-espera-carrera-final-caotico_0_ro569uWKXs.html\" target=\"_blank\" class=\"feedzy-rss-link-icon\">Read More<\/a><\/p>","protected":false},"excerpt":{"rendered":"<p>El balcarce\u00f1o se impuso de punta a punta en Concepci\u00f3n del Uruguay y cort\u00f3 una&#8230;<\/p>\n","protected":false},"author":1,"featured_media":0,"comment_status":"open","ping_status":"open","sticky":false,"template":"","format":"standard","meta":{"footnotes":""},"categories":[6],"tags":[],"class_list":["post-60879","post","type-post","status-publish","format-standard","has-post-thumbnail","hentry","category-deportes"],"_links":{"self":[{"href":"https:\/\/masquenoticiastucuman.com.ar\/index.php?rest_route=\/wp\/v2\/posts\/60879","targetHints":{"allow":["GET"]}}],"collection":[{"href":"https:\/\/masquenoticiastucuman.com.ar\/index.php?rest_route=\/wp\/v2\/posts"}],"about":[{"href":"https:\/\/masquenoticiastucuman.com.ar\/index.php?rest_route=\/wp\/v2\/types\/post"}],"author":[{"embeddable":true,"href":"https:\/\/masquenoticiastucuman.com.ar\/index.php?rest_route=\/wp\/v2\/users\/1"}],"replies":[{"embeddable":true,"href":"https:\/\/masquenoticiastucuman.com.ar\/index.php?rest_route=%2Fwp%2Fv2%2Fcomments&post=60879"}],"version-history":[{"count":0,"href":"https:\/\/masquenoticiastucuman.com.ar\/index.php?rest_route=\/wp\/v2\/posts\/60879\/revisions"}],"wp:attachment":[{"href":"https:\/\/masquenoticiastucuman.com.ar\/index.php?rest_route=%2Fwp%2Fv2%2Fmedia&parent=60879"}],"wp:term":[{"taxonomy":"category","embeddable":true,"href":"https:\/\/masquenoticiastucuman.com.ar\/index.php?rest_route=%2Fwp%2Fv2%2Fcategories&post=60879"},{"taxonomy":"post_tag","embeddable":true,"href":"https:\/\/masquenoticiastucuman.com.ar\/index.php?rest_route=%2Fwp%2Fv2%2Ftags&post=60879"}],"curies":[{"name":"wp","href":"https:\/\/api.w.org\/{rel}","templated":true}]}}