{"id":60882,"date":"2026-04-19T18:01:39","date_gmt":"2026-04-19T21:01:39","guid":{"rendered":"http:\/\/masquenoticiastucuman.com.ar\/?p=60882"},"modified":"2026-04-19T18:01:39","modified_gmt":"2026-04-19T21:01:39","slug":"la-lesion-de-driussi-el-primer-dolor-de-cabeza-para-coudet-en-el-superclasico-entre-river-y-boca-en-el-monumental","status":"publish","type":"post","link":"https:\/\/masquenoticiastucuman.com.ar\/?p=60882","title":{"rendered":"La lesi\u00f3n de Driussi, el primer dolor de cabeza para Coudet en el Supercl\u00e1sico entre River y Boca en el Monumental"},"content":{"rendered":"<ul>\n<li>El delantero dej\u00f3 la cancha a los 17 minutos del primer tiempo.<\/li>\n<li>Apenas sali\u00f3 se puso hielo en el muslo derecho.<\/li>\n<li>En su lugar entr\u00f3 Maxi Salas.<\/li>\n<\/ul>\n<p>\u200bEl delantero dej\u00f3 la cancha a los 17 minutos del primer tiempo.Apenas sali\u00f3 se puso hielo en el muslo derecho.En su lugar entr\u00f3 Maxi Salas.\u00a0<a href=\"https:\/\/www.clarin.com\/deportes\/lesion-driussi-primer-dolor-cabeza-coudet-superclasico-river-boca-monumental_0_ojdbd7Dmaj.html\" target=\"_blank\" class=\"feedzy-rss-link-icon\">Read More<\/a><\/p>","protected":false},"excerpt":{"rendered":"<p>El delantero dej\u00f3 la cancha a los 17 minutos del primer tiempo. Apenas sali\u00f3 se&#8230;<\/p>\n","protected":false},"author":1,"featured_media":0,"comment_status":"open","ping_status":"open","sticky":false,"template":"","format":"standard","meta":{"footnotes":""},"categories":[6],"tags":[],"class_list":["post-60882","post","type-post","status-publish","format-standard","has-post-thumbnail","hentry","category-deportes"],"_links":{"self":[{"href":"https:\/\/masquenoticiastucuman.com.ar\/index.php?rest_route=\/wp\/v2\/posts\/60882","targetHints":{"allow":["GET"]}}],"collection":[{"href":"https:\/\/masquenoticiastucuman.com.ar\/index.php?rest_route=\/wp\/v2\/posts"}],"about":[{"href":"https:\/\/masquenoticiastucuman.com.ar\/index.php?rest_route=\/wp\/v2\/types\/post"}],"author":[{"embeddable":true,"href":"https:\/\/masquenoticiastucuman.com.ar\/index.php?rest_route=\/wp\/v2\/users\/1"}],"replies":[{"embeddable":true,"href":"https:\/\/masquenoticiastucuman.com.ar\/index.php?rest_route=%2Fwp%2Fv2%2Fcomments&post=60882"}],"version-history":[{"count":0,"href":"https:\/\/masquenoticiastucuman.com.ar\/index.php?rest_route=\/wp\/v2\/posts\/60882\/revisions"}],"wp:attachment":[{"href":"https:\/\/masquenoticiastucuman.com.ar\/index.php?rest_route=%2Fwp%2Fv2%2Fmedia&parent=60882"}],"wp:term":[{"taxonomy":"category","embeddable":true,"href":"https:\/\/masquenoticiastucuman.com.ar\/index.php?rest_route=%2Fwp%2Fv2%2Fcategories&post=60882"},{"taxonomy":"post_tag","embeddable":true,"href":"https:\/\/masquenoticiastucuman.com.ar\/index.php?rest_route=%2Fwp%2Fv2%2Ftags&post=60882"}],"curies":[{"name":"wp","href":"https:\/\/api.w.org\/{rel}","templated":true}]}}