{"id":60883,"date":"2026-04-19T17:58:55","date_gmt":"2026-04-19T20:58:55","guid":{"rendered":"http:\/\/masquenoticiastucuman.com.ar\/?p=60883"},"modified":"2026-04-19T17:58:55","modified_gmt":"2026-04-19T20:58:55","slug":"leandro-paredes-tres-minutos-de-furia-y-un-gol-de-penal-con-festejo-a-lo-riquelme-para-boca-en-el-superclasico-vs-river","status":"publish","type":"post","link":"https:\/\/masquenoticiastucuman.com.ar\/?p=60883","title":{"rendered":"Leandro Paredes, tres minutos de furia y un gol de penal con festejo a lo Riquelme para Boca en el Supercl\u00e1sico vs River"},"content":{"rendered":"<ul>\n<li>El campe\u00f3n del mundo fue determinante para un primer tiempo en el que el equipo de \u00dabeda esper\u00f3 su momento y dio el golpe.<\/li>\n<li>Mir\u00e1 el video.<\/li>\n<\/ul>\n<p>\u200bEl campe\u00f3n del mundo fue determinante para un primer tiempo en el que el equipo de \u00dabeda esper\u00f3 su momento y dio el golpe.Mir\u00e1 el video.\u00a0<a href=\"https:\/\/www.clarin.com\/deportes\/leandro-paredes-minutos-furia-gol-penal-festejo-riquelme-boca-superclasico-vs-river_0_5qWVuPBvrZ.html\" target=\"_blank\" class=\"feedzy-rss-link-icon\">Read More<\/a><\/p>","protected":false},"excerpt":{"rendered":"<p>El campe\u00f3n del mundo fue determinante para un primer tiempo en el que el equipo&#8230;<\/p>\n","protected":false},"author":1,"featured_media":0,"comment_status":"open","ping_status":"open","sticky":false,"template":"","format":"standard","meta":{"footnotes":""},"categories":[6],"tags":[],"class_list":["post-60883","post","type-post","status-publish","format-standard","has-post-thumbnail","hentry","category-deportes"],"_links":{"self":[{"href":"https:\/\/masquenoticiastucuman.com.ar\/index.php?rest_route=\/wp\/v2\/posts\/60883","targetHints":{"allow":["GET"]}}],"collection":[{"href":"https:\/\/masquenoticiastucuman.com.ar\/index.php?rest_route=\/wp\/v2\/posts"}],"about":[{"href":"https:\/\/masquenoticiastucuman.com.ar\/index.php?rest_route=\/wp\/v2\/types\/post"}],"author":[{"embeddable":true,"href":"https:\/\/masquenoticiastucuman.com.ar\/index.php?rest_route=\/wp\/v2\/users\/1"}],"replies":[{"embeddable":true,"href":"https:\/\/masquenoticiastucuman.com.ar\/index.php?rest_route=%2Fwp%2Fv2%2Fcomments&post=60883"}],"version-history":[{"count":0,"href":"https:\/\/masquenoticiastucuman.com.ar\/index.php?rest_route=\/wp\/v2\/posts\/60883\/revisions"}],"wp:attachment":[{"href":"https:\/\/masquenoticiastucuman.com.ar\/index.php?rest_route=%2Fwp%2Fv2%2Fmedia&parent=60883"}],"wp:term":[{"taxonomy":"category","embeddable":true,"href":"https:\/\/masquenoticiastucuman.com.ar\/index.php?rest_route=%2Fwp%2Fv2%2Fcategories&post=60883"},{"taxonomy":"post_tag","embeddable":true,"href":"https:\/\/masquenoticiastucuman.com.ar\/index.php?rest_route=%2Fwp%2Fv2%2Ftags&post=60883"}],"curies":[{"name":"wp","href":"https:\/\/api.w.org\/{rel}","templated":true}]}}