{"id":60885,"date":"2026-04-19T18:23:25","date_gmt":"2026-04-19T21:23:25","guid":{"rendered":"http:\/\/masquenoticiastucuman.com.ar\/?p=60885"},"modified":"2026-04-19T18:23:25","modified_gmt":"2026-04-19T21:23:25","slug":"cierra-la-principal-fabrica-de-tia-maruca-una-marca-historica-y-popular-de-galletitas","status":"publish","type":"post","link":"https:\/\/masquenoticiastucuman.com.ar\/?p=60885","title":{"rendered":"Cierra la principal f\u00e1brica de T\u00eda Maruca, una marca hist\u00f3rica y popular de galletitas"},"content":{"rendered":"<ul>\n<li>Es la que se encuentra en la provincia de San Juan. <\/li>\n<li>Pertenece a capitales locales. <\/li>\n<li>La ca\u00edda del consumo y el aumento de costos en insumos clave como harina y az\u00facar, entre las causas.<\/li>\n<li>Tambi\u00e9n, las dificultades para acceder al financiamiento.<\/li>\n<\/ul>\n<p>\u200bEs la que se encuentra en la provincia de San Juan. Pertenece a capitales locales. La ca\u00edda del consumo y el aumento de costos en insumos clave como harina y az\u00facar, entre las causas.Tambi\u00e9n, las dificultades para acceder al financiamiento.\u00a0<a href=\"https:\/\/www.clarin.com\/economia\/cierra-principal-fabrica-tia-maruca-marca-historica-popular-galletitas_0_kb2ETZcJuY.html\" target=\"_blank\" class=\"feedzy-rss-link-icon\">Read More<\/a><\/p>","protected":false},"excerpt":{"rendered":"<p>Es la que se encuentra en la provincia de San Juan. Pertenece a capitales locales&#8230;.<\/p>\n","protected":false},"author":1,"featured_media":0,"comment_status":"open","ping_status":"open","sticky":false,"template":"","format":"standard","meta":{"footnotes":""},"categories":[3],"tags":[],"class_list":["post-60885","post","type-post","status-publish","format-standard","has-post-thumbnail","hentry","category-nacionales"],"_links":{"self":[{"href":"https:\/\/masquenoticiastucuman.com.ar\/index.php?rest_route=\/wp\/v2\/posts\/60885","targetHints":{"allow":["GET"]}}],"collection":[{"href":"https:\/\/masquenoticiastucuman.com.ar\/index.php?rest_route=\/wp\/v2\/posts"}],"about":[{"href":"https:\/\/masquenoticiastucuman.com.ar\/index.php?rest_route=\/wp\/v2\/types\/post"}],"author":[{"embeddable":true,"href":"https:\/\/masquenoticiastucuman.com.ar\/index.php?rest_route=\/wp\/v2\/users\/1"}],"replies":[{"embeddable":true,"href":"https:\/\/masquenoticiastucuman.com.ar\/index.php?rest_route=%2Fwp%2Fv2%2Fcomments&post=60885"}],"version-history":[{"count":0,"href":"https:\/\/masquenoticiastucuman.com.ar\/index.php?rest_route=\/wp\/v2\/posts\/60885\/revisions"}],"wp:attachment":[{"href":"https:\/\/masquenoticiastucuman.com.ar\/index.php?rest_route=%2Fwp%2Fv2%2Fmedia&parent=60885"}],"wp:term":[{"taxonomy":"category","embeddable":true,"href":"https:\/\/masquenoticiastucuman.com.ar\/index.php?rest_route=%2Fwp%2Fv2%2Fcategories&post=60885"},{"taxonomy":"post_tag","embeddable":true,"href":"https:\/\/masquenoticiastucuman.com.ar\/index.php?rest_route=%2Fwp%2Fv2%2Ftags&post=60885"}],"curies":[{"name":"wp","href":"https:\/\/api.w.org\/{rel}","templated":true}]}}