{"id":60886,"date":"2026-04-19T17:16:19","date_gmt":"2026-04-19T20:16:19","guid":{"rendered":"http:\/\/masquenoticiastucuman.com.ar\/?p=60886"},"modified":"2026-04-19T17:16:19","modified_gmt":"2026-04-19T20:16:19","slug":"el-consumo-tuvo-una-leve-mejora-pero-sigue-en-rojo-cuando-llegara-la-recuperacion","status":"publish","type":"post","link":"https:\/\/masquenoticiastucuman.com.ar\/?p=60886","title":{"rendered":"El consumo tuvo una leve mejora, pero sigue en rojo: \u00bfcu\u00e1ndo llegar\u00e1 la recuperaci\u00f3n?"},"content":{"rendered":"<ul>\n<li>Pese a los rebotes mensuales el gasto sigue rezagado comparado a 2025.<\/li>\n<li>Persisten las asimetr\u00edas en las compras por rubros.<\/li>\n<li>La evoluci\u00f3n de los precios, la inflaci\u00f3n y los ingresos, variables clave por delante.<\/li>\n<\/ul>\n<p>\u200bPese a los rebotes mensuales el gasto sigue rezagado comparado a 2025.Persisten las asimetr\u00edas en las compras por rubros.La evoluci\u00f3n de los precios, la inflaci\u00f3n y los ingresos, variables clave por delante.\u00a0<a href=\"https:\/\/www.clarin.com\/economia\/consumo-leve-mejora-sigue-rojo-llegara-recuperacion_0_3XhDbljUNe.html\" target=\"_blank\" class=\"feedzy-rss-link-icon\">Read More<\/a><\/p>","protected":false},"excerpt":{"rendered":"<p>Pese a los rebotes mensuales el gasto sigue rezagado comparado a 2025. Persisten las asimetr\u00edas&#8230;<\/p>\n","protected":false},"author":1,"featured_media":0,"comment_status":"open","ping_status":"open","sticky":false,"template":"","format":"standard","meta":{"footnotes":""},"categories":[3],"tags":[],"class_list":["post-60886","post","type-post","status-publish","format-standard","has-post-thumbnail","hentry","category-nacionales"],"_links":{"self":[{"href":"https:\/\/masquenoticiastucuman.com.ar\/index.php?rest_route=\/wp\/v2\/posts\/60886","targetHints":{"allow":["GET"]}}],"collection":[{"href":"https:\/\/masquenoticiastucuman.com.ar\/index.php?rest_route=\/wp\/v2\/posts"}],"about":[{"href":"https:\/\/masquenoticiastucuman.com.ar\/index.php?rest_route=\/wp\/v2\/types\/post"}],"author":[{"embeddable":true,"href":"https:\/\/masquenoticiastucuman.com.ar\/index.php?rest_route=\/wp\/v2\/users\/1"}],"replies":[{"embeddable":true,"href":"https:\/\/masquenoticiastucuman.com.ar\/index.php?rest_route=%2Fwp%2Fv2%2Fcomments&post=60886"}],"version-history":[{"count":0,"href":"https:\/\/masquenoticiastucuman.com.ar\/index.php?rest_route=\/wp\/v2\/posts\/60886\/revisions"}],"wp:attachment":[{"href":"https:\/\/masquenoticiastucuman.com.ar\/index.php?rest_route=%2Fwp%2Fv2%2Fmedia&parent=60886"}],"wp:term":[{"taxonomy":"category","embeddable":true,"href":"https:\/\/masquenoticiastucuman.com.ar\/index.php?rest_route=%2Fwp%2Fv2%2Fcategories&post=60886"},{"taxonomy":"post_tag","embeddable":true,"href":"https:\/\/masquenoticiastucuman.com.ar\/index.php?rest_route=%2Fwp%2Fv2%2Ftags&post=60886"}],"curies":[{"name":"wp","href":"https:\/\/api.w.org\/{rel}","templated":true}]}}