{"id":60887,"date":"2026-04-19T19:28:15","date_gmt":"2026-04-19T22:28:15","guid":{"rendered":"http:\/\/masquenoticiastucuman.com.ar\/?p=60887"},"modified":"2026-04-19T19:28:15","modified_gmt":"2026-04-19T22:28:15","slug":"murio-maria-nieves-leyenda-del-tango-argentino","status":"publish","type":"post","link":"https:\/\/masquenoticiastucuman.com.ar\/?p=60887","title":{"rendered":"Muri\u00f3 Mar\u00eda Nieves, leyenda del tango argentino"},"content":{"rendered":"<ul>\n<li>Su sociedad art\u00edstica con Juan Carlos Copes marc\u00f3 una \u00e9poca y fue clave para la internacionalizaci\u00f3n del tango. <\/li>\n<li>Ten\u00eda 92 a\u00f1os.<\/li>\n<\/ul>\n<p>\u200bSu sociedad art\u00edstica con Juan Carlos Copes marc\u00f3 una \u00e9poca y fue clave para la internacionalizaci\u00f3n del tango. Ten\u00eda 92 a\u00f1os.\u00a0<a href=\"https:\/\/www.clarin.com\/espectaculos\/murio-maria-nieves-leyenda-tango-argentino_0_Y1MwKoiwVR.html\" target=\"_blank\" class=\"feedzy-rss-link-icon\">Read More<\/a><\/p>","protected":false},"excerpt":{"rendered":"<p>Su sociedad art\u00edstica con Juan Carlos Copes marc\u00f3 una \u00e9poca y fue clave para la&#8230;<\/p>\n","protected":false},"author":1,"featured_media":0,"comment_status":"open","ping_status":"open","sticky":false,"template":"","format":"standard","meta":{"footnotes":""},"categories":[5],"tags":[],"class_list":["post-60887","post","type-post","status-publish","format-standard","has-post-thumbnail","hentry","category-espectaculo"],"_links":{"self":[{"href":"https:\/\/masquenoticiastucuman.com.ar\/index.php?rest_route=\/wp\/v2\/posts\/60887","targetHints":{"allow":["GET"]}}],"collection":[{"href":"https:\/\/masquenoticiastucuman.com.ar\/index.php?rest_route=\/wp\/v2\/posts"}],"about":[{"href":"https:\/\/masquenoticiastucuman.com.ar\/index.php?rest_route=\/wp\/v2\/types\/post"}],"author":[{"embeddable":true,"href":"https:\/\/masquenoticiastucuman.com.ar\/index.php?rest_route=\/wp\/v2\/users\/1"}],"replies":[{"embeddable":true,"href":"https:\/\/masquenoticiastucuman.com.ar\/index.php?rest_route=%2Fwp%2Fv2%2Fcomments&post=60887"}],"version-history":[{"count":0,"href":"https:\/\/masquenoticiastucuman.com.ar\/index.php?rest_route=\/wp\/v2\/posts\/60887\/revisions"}],"wp:attachment":[{"href":"https:\/\/masquenoticiastucuman.com.ar\/index.php?rest_route=%2Fwp%2Fv2%2Fmedia&parent=60887"}],"wp:term":[{"taxonomy":"category","embeddable":true,"href":"https:\/\/masquenoticiastucuman.com.ar\/index.php?rest_route=%2Fwp%2Fv2%2Fcategories&post=60887"},{"taxonomy":"post_tag","embeddable":true,"href":"https:\/\/masquenoticiastucuman.com.ar\/index.php?rest_route=%2Fwp%2Fv2%2Ftags&post=60887"}],"curies":[{"name":"wp","href":"https:\/\/api.w.org\/{rel}","templated":true}]}}