{"id":60888,"date":"2026-04-19T19:26:28","date_gmt":"2026-04-19T22:26:28","guid":{"rendered":"http:\/\/masquenoticiastucuman.com.ar\/?p=60888"},"modified":"2026-04-19T19:26:28","modified_gmt":"2026-04-19T22:26:28","slug":"el-1x1-de-river-tras-el-superclasico-con-boca-beltran-fue-el-mejor-en-una-tarde-con-muchos-puntos-flojos-y-unos-cuantos-aplazos","status":"publish","type":"post","link":"https:\/\/masquenoticiastucuman.com.ar\/?p=60888","title":{"rendered":"El 1&#215;1 de River tras el Supercl\u00e1sico con Boca: Beltr\u00e1n fue el mejor en una tarde con muchos puntos flojos y unos cuantos aplazos"},"content":{"rendered":"<ul>\n<li>El arquero no pudo con Paredes en el penal, pero hizo el aguante para evitar que el equipo de \u00dabeda lo liquidara de contra.<\/li>\n<li>Acu\u00f1a tuvo un interesante partido y el pibe Freitas entr\u00f3 muy bien.<\/li>\n<li>Rivero tuvo una noche para el olvido, pero no fue el \u00fanico.<\/li>\n<\/ul>\n<p>\u200bEl arquero no pudo con Paredes en el penal, pero hizo el aguante para evitar que el equipo de \u00dabeda lo liquidara de contra.Acu\u00f1a tuvo un interesante partido y el pibe Freitas entr\u00f3 muy bien.Rivero tuvo una noche para el olvido, pero no fue el \u00fanico.\u00a0<a href=\"https:\/\/www.clarin.com\/deportes\/1x1-river-superclasico-boca-beltran-mejor-tarde-puntos-flojos-aplazos_0_bMoIrY6Gjn.html\" target=\"_blank\" class=\"feedzy-rss-link-icon\">Read More<\/a><\/p>","protected":false},"excerpt":{"rendered":"<p>El arquero no pudo con Paredes en el penal, pero hizo el aguante para evitar&#8230;<\/p>\n","protected":false},"author":1,"featured_media":0,"comment_status":"open","ping_status":"open","sticky":false,"template":"","format":"standard","meta":{"footnotes":""},"categories":[6],"tags":[],"class_list":["post-60888","post","type-post","status-publish","format-standard","has-post-thumbnail","hentry","category-deportes"],"_links":{"self":[{"href":"https:\/\/masquenoticiastucuman.com.ar\/index.php?rest_route=\/wp\/v2\/posts\/60888","targetHints":{"allow":["GET"]}}],"collection":[{"href":"https:\/\/masquenoticiastucuman.com.ar\/index.php?rest_route=\/wp\/v2\/posts"}],"about":[{"href":"https:\/\/masquenoticiastucuman.com.ar\/index.php?rest_route=\/wp\/v2\/types\/post"}],"author":[{"embeddable":true,"href":"https:\/\/masquenoticiastucuman.com.ar\/index.php?rest_route=\/wp\/v2\/users\/1"}],"replies":[{"embeddable":true,"href":"https:\/\/masquenoticiastucuman.com.ar\/index.php?rest_route=%2Fwp%2Fv2%2Fcomments&post=60888"}],"version-history":[{"count":0,"href":"https:\/\/masquenoticiastucuman.com.ar\/index.php?rest_route=\/wp\/v2\/posts\/60888\/revisions"}],"wp:attachment":[{"href":"https:\/\/masquenoticiastucuman.com.ar\/index.php?rest_route=%2Fwp%2Fv2%2Fmedia&parent=60888"}],"wp:term":[{"taxonomy":"category","embeddable":true,"href":"https:\/\/masquenoticiastucuman.com.ar\/index.php?rest_route=%2Fwp%2Fv2%2Fcategories&post=60888"},{"taxonomy":"post_tag","embeddable":true,"href":"https:\/\/masquenoticiastucuman.com.ar\/index.php?rest_route=%2Fwp%2Fv2%2Ftags&post=60888"}],"curies":[{"name":"wp","href":"https:\/\/api.w.org\/{rel}","templated":true}]}}