{"id":60889,"date":"2026-04-19T19:12:13","date_gmt":"2026-04-19T22:12:13","guid":{"rendered":"http:\/\/masquenoticiastucuman.com.ar\/?p=60889"},"modified":"2026-04-19T19:12:13","modified_gmt":"2026-04-19T22:12:13","slug":"la-jugada-final-de-la-polemica-en-el-superclasico-el-reclamo-de-penal-de-river-y-los-insultos-de-los-hinchas-a-chiqui-tapia-en-el-monumental","status":"publish","type":"post","link":"https:\/\/masquenoticiastucuman.com.ar\/?p=60889","title":{"rendered":"La jugada final de la pol\u00e9mica en el Supercl\u00e1sico: el reclamo de penal de River y los insultos de los hinchas a Chiqui Tapia en el Monumental"},"content":{"rendered":"<ul>\n<li>Lautaro Blanco empuj\u00f3 a Lucas Mart\u00ednez Quarta dentro del \u00e1rea, sin jugar la pelota. <\/li>\n<li>El \u00e1rbitro Dar\u00edo Herrera consider\u00f3 que no fue infracci\u00f3n y el VAR no lo convoc\u00f3.<\/li>\n<li>Mir\u00e1 el video.<\/li>\n<\/ul>\n<p>\u200bLautaro Blanco empuj\u00f3 a Lucas Mart\u00ednez Quarta dentro del \u00e1rea, sin jugar la pelota. El \u00e1rbitro Dar\u00edo Herrera consider\u00f3 que no fue infracci\u00f3n y el VAR no lo convoc\u00f3.Mir\u00e1 el video.\u00a0<a href=\"https:\/\/www.clarin.com\/deportes\/jugada-final-polemica-superclasico-reclamo-penal-river-insultos-hinchas-chiqui-tapia-monumental_0_MDlkVaaxiR.html\" target=\"_blank\" class=\"feedzy-rss-link-icon\">Read More<\/a><\/p>","protected":false},"excerpt":{"rendered":"<p>Lautaro Blanco empuj\u00f3 a Lucas Mart\u00ednez Quarta dentro del \u00e1rea, sin jugar la pelota. El&#8230;<\/p>\n","protected":false},"author":1,"featured_media":0,"comment_status":"open","ping_status":"open","sticky":false,"template":"","format":"standard","meta":{"footnotes":""},"categories":[6],"tags":[],"class_list":["post-60889","post","type-post","status-publish","format-standard","has-post-thumbnail","hentry","category-deportes"],"_links":{"self":[{"href":"https:\/\/masquenoticiastucuman.com.ar\/index.php?rest_route=\/wp\/v2\/posts\/60889","targetHints":{"allow":["GET"]}}],"collection":[{"href":"https:\/\/masquenoticiastucuman.com.ar\/index.php?rest_route=\/wp\/v2\/posts"}],"about":[{"href":"https:\/\/masquenoticiastucuman.com.ar\/index.php?rest_route=\/wp\/v2\/types\/post"}],"author":[{"embeddable":true,"href":"https:\/\/masquenoticiastucuman.com.ar\/index.php?rest_route=\/wp\/v2\/users\/1"}],"replies":[{"embeddable":true,"href":"https:\/\/masquenoticiastucuman.com.ar\/index.php?rest_route=%2Fwp%2Fv2%2Fcomments&post=60889"}],"version-history":[{"count":0,"href":"https:\/\/masquenoticiastucuman.com.ar\/index.php?rest_route=\/wp\/v2\/posts\/60889\/revisions"}],"wp:attachment":[{"href":"https:\/\/masquenoticiastucuman.com.ar\/index.php?rest_route=%2Fwp%2Fv2%2Fmedia&parent=60889"}],"wp:term":[{"taxonomy":"category","embeddable":true,"href":"https:\/\/masquenoticiastucuman.com.ar\/index.php?rest_route=%2Fwp%2Fv2%2Fcategories&post=60889"},{"taxonomy":"post_tag","embeddable":true,"href":"https:\/\/masquenoticiastucuman.com.ar\/index.php?rest_route=%2Fwp%2Fv2%2Ftags&post=60889"}],"curies":[{"name":"wp","href":"https:\/\/api.w.org\/{rel}","templated":true}]}}