{"id":60890,"date":"2026-04-19T20:26:46","date_gmt":"2026-04-19T23:26:46","guid":{"rendered":"http:\/\/masquenoticiastucuman.com.ar\/?p=60890"},"modified":"2026-04-19T20:26:46","modified_gmt":"2026-04-19T23:26:46","slug":"por-la-flexibilizacion-de-encajes-se-apuesta-a-que-bajen-las-tasas-pero-hay-dudas-de-una-pronta-reactivacion-del-credito","status":"publish","type":"post","link":"https:\/\/masquenoticiastucuman.com.ar\/?p=60890","title":{"rendered":"Por la flexibilizaci\u00f3n de encajes se apuesta a que bajen las tasas pero hay dudas de una pronta reactivaci\u00f3n del cr\u00e9dito"},"content":{"rendered":"<ul>\n<li>Analistas advierten que la mora alta y los salarios en retroceso frenan la recuperaci\u00f3n del nivel de cr\u00e9dito.<\/li>\n<\/ul>\n<p>\u200bAnalistas advierten que la mora alta y los salarios en retroceso frenan la recuperaci\u00f3n del nivel de cr\u00e9dito.\u00a0<a href=\"https:\/\/www.clarin.com\/economia\/flexibilizacion-encajes-apuesta-bajen-tasas-dudas-pronta-reactivacion-credito_0_rdbM6M1eTK.html\" target=\"_blank\" class=\"feedzy-rss-link-icon\">Read More<\/a><\/p>","protected":false},"excerpt":{"rendered":"<p>Analistas advierten que la mora alta y los salarios en retroceso frenan la recuperaci\u00f3n del&#8230;<\/p>\n","protected":false},"author":1,"featured_media":0,"comment_status":"open","ping_status":"open","sticky":false,"template":"","format":"standard","meta":{"footnotes":""},"categories":[3],"tags":[],"class_list":["post-60890","post","type-post","status-publish","format-standard","has-post-thumbnail","hentry","category-nacionales"],"_links":{"self":[{"href":"https:\/\/masquenoticiastucuman.com.ar\/index.php?rest_route=\/wp\/v2\/posts\/60890","targetHints":{"allow":["GET"]}}],"collection":[{"href":"https:\/\/masquenoticiastucuman.com.ar\/index.php?rest_route=\/wp\/v2\/posts"}],"about":[{"href":"https:\/\/masquenoticiastucuman.com.ar\/index.php?rest_route=\/wp\/v2\/types\/post"}],"author":[{"embeddable":true,"href":"https:\/\/masquenoticiastucuman.com.ar\/index.php?rest_route=\/wp\/v2\/users\/1"}],"replies":[{"embeddable":true,"href":"https:\/\/masquenoticiastucuman.com.ar\/index.php?rest_route=%2Fwp%2Fv2%2Fcomments&post=60890"}],"version-history":[{"count":0,"href":"https:\/\/masquenoticiastucuman.com.ar\/index.php?rest_route=\/wp\/v2\/posts\/60890\/revisions"}],"wp:attachment":[{"href":"https:\/\/masquenoticiastucuman.com.ar\/index.php?rest_route=%2Fwp%2Fv2%2Fmedia&parent=60890"}],"wp:term":[{"taxonomy":"category","embeddable":true,"href":"https:\/\/masquenoticiastucuman.com.ar\/index.php?rest_route=%2Fwp%2Fv2%2Fcategories&post=60890"},{"taxonomy":"post_tag","embeddable":true,"href":"https:\/\/masquenoticiastucuman.com.ar\/index.php?rest_route=%2Fwp%2Fv2%2Ftags&post=60890"}],"curies":[{"name":"wp","href":"https:\/\/api.w.org\/{rel}","templated":true}]}}