{"id":60891,"date":"2026-04-19T20:18:39","date_gmt":"2026-04-19T23:18:39","guid":{"rendered":"http:\/\/masquenoticiastucuman.com.ar\/?p=60891"},"modified":"2026-04-19T20:18:39","modified_gmt":"2026-04-19T23:18:39","slug":"sturzenegger-tironea-con-caputo-y-pettovello-por-el-ajuste-en-economia-y-capital-humano","status":"publish","type":"post","link":"https:\/\/masquenoticiastucuman.com.ar\/?p=60891","title":{"rendered":"Sturzenegger tironea con Caputo y Pettovello por el ajuste en Econom\u00eda y Capital Humano"},"content":{"rendered":"<ul>\n<li>Temen 700 despidos en el INTI, pero Desregulaci\u00f3n ped\u00eda m\u00e1s.<\/li>\n<li>La eliminaci\u00f3n de los ensayos de laboratorios impacta en Senasa.<\/li>\n<li>Pettovello suspendi\u00f3 un recorte en la secretar\u00eda de Trabajo.<\/li>\n<\/ul>\n<p>\u200bTemen 700 despidos en el INTI, pero Desregulaci\u00f3n ped\u00eda m\u00e1s.La eliminaci\u00f3n de los ensayos de laboratorios impacta en Senasa.Pettovello suspendi\u00f3 un recorte en la secretar\u00eda de Trabajo.\u00a0<a href=\"https:\/\/www.clarin.com\/economia\/sturzenegger-tironea-caputo-pettovello-ajuste-economia-capital-humano_0_0z2LDiltQs.html\" target=\"_blank\" class=\"feedzy-rss-link-icon\">Read More<\/a><\/p>","protected":false},"excerpt":{"rendered":"<p>Temen 700 despidos en el INTI, pero Desregulaci\u00f3n ped\u00eda m\u00e1s. La eliminaci\u00f3n de los ensayos&#8230;<\/p>\n","protected":false},"author":1,"featured_media":0,"comment_status":"open","ping_status":"open","sticky":false,"template":"","format":"standard","meta":{"footnotes":""},"categories":[3],"tags":[],"class_list":["post-60891","post","type-post","status-publish","format-standard","has-post-thumbnail","hentry","category-nacionales"],"_links":{"self":[{"href":"https:\/\/masquenoticiastucuman.com.ar\/index.php?rest_route=\/wp\/v2\/posts\/60891","targetHints":{"allow":["GET"]}}],"collection":[{"href":"https:\/\/masquenoticiastucuman.com.ar\/index.php?rest_route=\/wp\/v2\/posts"}],"about":[{"href":"https:\/\/masquenoticiastucuman.com.ar\/index.php?rest_route=\/wp\/v2\/types\/post"}],"author":[{"embeddable":true,"href":"https:\/\/masquenoticiastucuman.com.ar\/index.php?rest_route=\/wp\/v2\/users\/1"}],"replies":[{"embeddable":true,"href":"https:\/\/masquenoticiastucuman.com.ar\/index.php?rest_route=%2Fwp%2Fv2%2Fcomments&post=60891"}],"version-history":[{"count":0,"href":"https:\/\/masquenoticiastucuman.com.ar\/index.php?rest_route=\/wp\/v2\/posts\/60891\/revisions"}],"wp:attachment":[{"href":"https:\/\/masquenoticiastucuman.com.ar\/index.php?rest_route=%2Fwp%2Fv2%2Fmedia&parent=60891"}],"wp:term":[{"taxonomy":"category","embeddable":true,"href":"https:\/\/masquenoticiastucuman.com.ar\/index.php?rest_route=%2Fwp%2Fv2%2Fcategories&post=60891"},{"taxonomy":"post_tag","embeddable":true,"href":"https:\/\/masquenoticiastucuman.com.ar\/index.php?rest_route=%2Fwp%2Fv2%2Ftags&post=60891"}],"curies":[{"name":"wp","href":"https:\/\/api.w.org\/{rel}","templated":true}]}}