{"id":60892,"date":"2026-04-19T20:36:36","date_gmt":"2026-04-19T23:36:36","guid":{"rendered":"http:\/\/masquenoticiastucuman.com.ar\/?p=60892"},"modified":"2026-04-19T20:36:36","modified_gmt":"2026-04-19T23:36:36","slug":"horror-en-luisiana-quien-era-el-autor-del-tiroteo-en-el-que-murieron-ocho-chicos","status":"publish","type":"post","link":"https:\/\/masquenoticiastucuman.com.ar\/?p=60892","title":{"rendered":"Horror en Luisiana: qui\u00e9n era el autor del tiroteo en el que murieron ocho chicos"},"content":{"rendered":"<ul>\n<li>El agresor fue abatido a tiros por la Polic\u00eda tras huir del lugar del incidente en un veh\u00edculo robado.<\/li>\n<li>Se conoci\u00f3 que siete de las v\u00edctimas eran sus hijos. <\/li>\n<\/ul>\n<p>\u200bEl agresor fue abatido a tiros por la Polic\u00eda tras huir del lugar del incidente en un veh\u00edculo robado.Se conoci\u00f3 que siete de las v\u00edctimas eran sus hijos.\u00a0<a href=\"https:\/\/www.clarin.com\/mundo\/horror-luisiana-autor-tiroteo-murieron-chicos_0_JHwiYrHSLn.html\" target=\"_blank\" class=\"feedzy-rss-link-icon\">Read More<\/a><\/p>","protected":false},"excerpt":{"rendered":"<p>El agresor fue abatido a tiros por la Polic\u00eda tras huir del lugar del incidente&#8230;<\/p>\n","protected":false},"author":1,"featured_media":60893,"comment_status":"open","ping_status":"open","sticky":false,"template":"","format":"standard","meta":{"footnotes":""},"categories":[4],"tags":[],"class_list":["post-60892","post","type-post","status-publish","format-standard","has-post-thumbnail","hentry","category-internacionales"],"_links":{"self":[{"href":"https:\/\/masquenoticiastucuman.com.ar\/index.php?rest_route=\/wp\/v2\/posts\/60892","targetHints":{"allow":["GET"]}}],"collection":[{"href":"https:\/\/masquenoticiastucuman.com.ar\/index.php?rest_route=\/wp\/v2\/posts"}],"about":[{"href":"https:\/\/masquenoticiastucuman.com.ar\/index.php?rest_route=\/wp\/v2\/types\/post"}],"author":[{"embeddable":true,"href":"https:\/\/masquenoticiastucuman.com.ar\/index.php?rest_route=\/wp\/v2\/users\/1"}],"replies":[{"embeddable":true,"href":"https:\/\/masquenoticiastucuman.com.ar\/index.php?rest_route=%2Fwp%2Fv2%2Fcomments&post=60892"}],"version-history":[{"count":0,"href":"https:\/\/masquenoticiastucuman.com.ar\/index.php?rest_route=\/wp\/v2\/posts\/60892\/revisions"}],"wp:featuredmedia":[{"embeddable":true,"href":"https:\/\/masquenoticiastucuman.com.ar\/index.php?rest_route=\/wp\/v2\/media\/60893"}],"wp:attachment":[{"href":"https:\/\/masquenoticiastucuman.com.ar\/index.php?rest_route=%2Fwp%2Fv2%2Fmedia&parent=60892"}],"wp:term":[{"taxonomy":"category","embeddable":true,"href":"https:\/\/masquenoticiastucuman.com.ar\/index.php?rest_route=%2Fwp%2Fv2%2Fcategories&post=60892"},{"taxonomy":"post_tag","embeddable":true,"href":"https:\/\/masquenoticiastucuman.com.ar\/index.php?rest_route=%2Fwp%2Fv2%2Ftags&post=60892"}],"curies":[{"name":"wp","href":"https:\/\/api.w.org\/{rel}","templated":true}]}}