{"id":60894,"date":"2026-04-19T20:31:03","date_gmt":"2026-04-19T23:31:03","guid":{"rendered":"http:\/\/masquenoticiastucuman.com.ar\/?p=60894"},"modified":"2026-04-19T20:31:03","modified_gmt":"2026-04-19T23:31:03","slug":"donald-trump-busca-retomar-las-negociaciones-pero-amenaza-con-hacer-volar-iran-por-los-aires-si-no-acepta-su-plan","status":"publish","type":"post","link":"https:\/\/masquenoticiastucuman.com.ar\/?p=60894","title":{"rendered":"Donald Trump busca retomar las negociaciones, pero amenaza con hacer \u201cvolar Ir\u00e1n por los aires\u201d si no acepta su plan"},"content":{"rendered":"<ul>\n<li>El presidente de EE.UU. dijo que este lunes habr\u00e1 una delegaci\u00f3n en Pakist\u00e1n encabezada por su vice Vance. <\/li>\n<li>Pero desde Teher\u00e1n, medios estatales aseguraron que el r\u00e9gimen no estar\u00e1 presente.<\/li>\n<\/ul>\n<p>\u200bEl presidente de EE.UU. dijo que este lunes habr\u00e1 una delegaci\u00f3n en Pakist\u00e1n encabezada por su vice Vance. Pero desde Teher\u00e1n, medios estatales aseguraron que el r\u00e9gimen no estar\u00e1 presente.\u00a0<a href=\"https:\/\/www.clarin.com\/mundo\/donald-trump-busca-retomar-negociaciones-amenaza-hacer-volar-iran-aires-acepta-plan_0_jRhJfreSwE.html\" target=\"_blank\" class=\"feedzy-rss-link-icon\">Read More<\/a><\/p>","protected":false},"excerpt":{"rendered":"<p>El presidente de EE.UU. dijo que este lunes habr\u00e1 una delegaci\u00f3n en Pakist\u00e1n encabezada por&#8230;<\/p>\n","protected":false},"author":1,"featured_media":60895,"comment_status":"open","ping_status":"open","sticky":false,"template":"","format":"standard","meta":{"footnotes":""},"categories":[4],"tags":[],"class_list":["post-60894","post","type-post","status-publish","format-standard","has-post-thumbnail","hentry","category-internacionales"],"_links":{"self":[{"href":"https:\/\/masquenoticiastucuman.com.ar\/index.php?rest_route=\/wp\/v2\/posts\/60894","targetHints":{"allow":["GET"]}}],"collection":[{"href":"https:\/\/masquenoticiastucuman.com.ar\/index.php?rest_route=\/wp\/v2\/posts"}],"about":[{"href":"https:\/\/masquenoticiastucuman.com.ar\/index.php?rest_route=\/wp\/v2\/types\/post"}],"author":[{"embeddable":true,"href":"https:\/\/masquenoticiastucuman.com.ar\/index.php?rest_route=\/wp\/v2\/users\/1"}],"replies":[{"embeddable":true,"href":"https:\/\/masquenoticiastucuman.com.ar\/index.php?rest_route=%2Fwp%2Fv2%2Fcomments&post=60894"}],"version-history":[{"count":0,"href":"https:\/\/masquenoticiastucuman.com.ar\/index.php?rest_route=\/wp\/v2\/posts\/60894\/revisions"}],"wp:featuredmedia":[{"embeddable":true,"href":"https:\/\/masquenoticiastucuman.com.ar\/index.php?rest_route=\/wp\/v2\/media\/60895"}],"wp:attachment":[{"href":"https:\/\/masquenoticiastucuman.com.ar\/index.php?rest_route=%2Fwp%2Fv2%2Fmedia&parent=60894"}],"wp:term":[{"taxonomy":"category","embeddable":true,"href":"https:\/\/masquenoticiastucuman.com.ar\/index.php?rest_route=%2Fwp%2Fv2%2Fcategories&post=60894"},{"taxonomy":"post_tag","embeddable":true,"href":"https:\/\/masquenoticiastucuman.com.ar\/index.php?rest_route=%2Fwp%2Fv2%2Ftags&post=60894"}],"curies":[{"name":"wp","href":"https:\/\/api.w.org\/{rel}","templated":true}]}}