{"id":60897,"date":"2026-04-19T20:29:09","date_gmt":"2026-04-19T23:29:09","guid":{"rendered":"http:\/\/masquenoticiastucuman.com.ar\/?p=60897"},"modified":"2026-04-19T20:29:09","modified_gmt":"2026-04-19T23:29:09","slug":"racing-no-puede-salir-del-pozo-y-gustavo-costas-esta-enojadisimo-estoy-muy-mal-por-el-partido-desastroso-que-hicimos","status":"publish","type":"post","link":"https:\/\/masquenoticiastucuman.com.ar\/?p=60897","title":{"rendered":"Racing no puede salir del pozo y Gustavo Costas est\u00e1 enojad\u00edsimo: &#8221; Estoy muy mal por el partido desastroso que hicimos&#8221;"},"content":{"rendered":"<ul>\n<li>El DT pate\u00f3 el tablero tras la pobre actuaci\u00f3n de sus jugadores en el 1-1 con Aldosivi en Mar del Plata.<\/li>\n<li>&#8220;Vamos a ver c\u00f3mo seguimos&#8221;, lanz\u00f3 en forma intrigante.<\/li>\n<li>No obstante, Clar\u00edn pudo averiguar que su continuidad est\u00e1 en duda.<\/li>\n<\/ul>\n<p>\u200bEl DT pate\u00f3 el tablero tras la pobre actuaci\u00f3n de sus jugadores en el 1-1 con Aldosivi en Mar del Plata.&#8221;Vamos a ver c\u00f3mo seguimos&#8221;, lanz\u00f3 en forma intrigante.No obstante, Clar\u00edn pudo averiguar que su continuidad est\u00e1 en duda.\u00a0<a href=\"https:\/\/www.clarin.com\/deportes\/racing-puede-salir-pozo-gustavo-costas-enojadisimo-mal-partido-desastroso-hicimos_0_4tPbSwsJ4M.html\" target=\"_blank\" class=\"feedzy-rss-link-icon\">Read More<\/a><\/p>","protected":false},"excerpt":{"rendered":"<p>El DT pate\u00f3 el tablero tras la pobre actuaci\u00f3n de sus jugadores en el 1-1&#8230;<\/p>\n","protected":false},"author":1,"featured_media":0,"comment_status":"open","ping_status":"open","sticky":false,"template":"","format":"standard","meta":{"footnotes":""},"categories":[6],"tags":[],"class_list":["post-60897","post","type-post","status-publish","format-standard","has-post-thumbnail","hentry","category-deportes"],"_links":{"self":[{"href":"https:\/\/masquenoticiastucuman.com.ar\/index.php?rest_route=\/wp\/v2\/posts\/60897","targetHints":{"allow":["GET"]}}],"collection":[{"href":"https:\/\/masquenoticiastucuman.com.ar\/index.php?rest_route=\/wp\/v2\/posts"}],"about":[{"href":"https:\/\/masquenoticiastucuman.com.ar\/index.php?rest_route=\/wp\/v2\/types\/post"}],"author":[{"embeddable":true,"href":"https:\/\/masquenoticiastucuman.com.ar\/index.php?rest_route=\/wp\/v2\/users\/1"}],"replies":[{"embeddable":true,"href":"https:\/\/masquenoticiastucuman.com.ar\/index.php?rest_route=%2Fwp%2Fv2%2Fcomments&post=60897"}],"version-history":[{"count":0,"href":"https:\/\/masquenoticiastucuman.com.ar\/index.php?rest_route=\/wp\/v2\/posts\/60897\/revisions"}],"wp:attachment":[{"href":"https:\/\/masquenoticiastucuman.com.ar\/index.php?rest_route=%2Fwp%2Fv2%2Fmedia&parent=60897"}],"wp:term":[{"taxonomy":"category","embeddable":true,"href":"https:\/\/masquenoticiastucuman.com.ar\/index.php?rest_route=%2Fwp%2Fv2%2Fcategories&post=60897"},{"taxonomy":"post_tag","embeddable":true,"href":"https:\/\/masquenoticiastucuman.com.ar\/index.php?rest_route=%2Fwp%2Fv2%2Ftags&post=60897"}],"curies":[{"name":"wp","href":"https:\/\/api.w.org\/{rel}","templated":true}]}}