{"id":60898,"date":"2026-04-19T19:52:55","date_gmt":"2026-04-19T22:52:55","guid":{"rendered":"http:\/\/masquenoticiastucuman.com.ar\/?p=60898"},"modified":"2026-04-19T19:52:55","modified_gmt":"2026-04-19T22:52:55","slug":"con-un-paredes-angelado-boca-fue-paciente-e-inteligente-y-se-quedo-con-el-superclasico-ante-un-river-demasiado-liviano","status":"publish","type":"post","link":"https:\/\/masquenoticiastucuman.com.ar\/?p=60898","title":{"rendered":"Con un Paredes angelado, Boca fue paciente e inteligente y se qued\u00f3 con el Supercl\u00e1sico ante un River demasiado liviano"},"content":{"rendered":"<ul>\n<li>Se sab\u00eda que el campe\u00f3n del mundo marcar\u00eda la diferencia en el Monumental.<\/li>\n<li>Y lo hizo con un par de pases exquisitos y con el penal por la mano de Rivero.<\/li>\n<li>Coudet perdi\u00f3 tambi\u00e9n invicto y termin\u00f3 con bronca por la pol\u00e9mica del final. <\/li>\n<\/ul>\n<p>\u200bSe sab\u00eda que el campe\u00f3n del mundo marcar\u00eda la diferencia en el Monumental.Y lo hizo con un par de pases exquisitos y con el penal por la mano de Rivero.Coudet perdi\u00f3 tambi\u00e9n invicto y termin\u00f3 con bronca por la pol\u00e9mica del final.\u00a0<a href=\"https:\/\/www.clarin.com\/deportes\/paredes-angelado-boca-paciente-inteligente-quedo-superclasico-river-demasiado-liviano_0_dCLG6gWi3A.html\" target=\"_blank\" class=\"feedzy-rss-link-icon\">Read More<\/a><\/p>","protected":false},"excerpt":{"rendered":"<p>Se sab\u00eda que el campe\u00f3n del mundo marcar\u00eda la diferencia en el Monumental. Y lo&#8230;<\/p>\n","protected":false},"author":1,"featured_media":0,"comment_status":"open","ping_status":"open","sticky":false,"template":"","format":"standard","meta":{"footnotes":""},"categories":[6],"tags":[],"class_list":["post-60898","post","type-post","status-publish","format-standard","has-post-thumbnail","hentry","category-deportes"],"_links":{"self":[{"href":"https:\/\/masquenoticiastucuman.com.ar\/index.php?rest_route=\/wp\/v2\/posts\/60898","targetHints":{"allow":["GET"]}}],"collection":[{"href":"https:\/\/masquenoticiastucuman.com.ar\/index.php?rest_route=\/wp\/v2\/posts"}],"about":[{"href":"https:\/\/masquenoticiastucuman.com.ar\/index.php?rest_route=\/wp\/v2\/types\/post"}],"author":[{"embeddable":true,"href":"https:\/\/masquenoticiastucuman.com.ar\/index.php?rest_route=\/wp\/v2\/users\/1"}],"replies":[{"embeddable":true,"href":"https:\/\/masquenoticiastucuman.com.ar\/index.php?rest_route=%2Fwp%2Fv2%2Fcomments&post=60898"}],"version-history":[{"count":0,"href":"https:\/\/masquenoticiastucuman.com.ar\/index.php?rest_route=\/wp\/v2\/posts\/60898\/revisions"}],"wp:attachment":[{"href":"https:\/\/masquenoticiastucuman.com.ar\/index.php?rest_route=%2Fwp%2Fv2%2Fmedia&parent=60898"}],"wp:term":[{"taxonomy":"category","embeddable":true,"href":"https:\/\/masquenoticiastucuman.com.ar\/index.php?rest_route=%2Fwp%2Fv2%2Fcategories&post=60898"},{"taxonomy":"post_tag","embeddable":true,"href":"https:\/\/masquenoticiastucuman.com.ar\/index.php?rest_route=%2Fwp%2Fv2%2Ftags&post=60898"}],"curies":[{"name":"wp","href":"https:\/\/api.w.org\/{rel}","templated":true}]}}