{"id":60900,"date":"2026-04-19T22:25:45","date_gmt":"2026-04-20T01:25:45","guid":{"rendered":"http:\/\/masquenoticiastucuman.com.ar\/?p=60900"},"modified":"2026-04-19T22:25:45","modified_gmt":"2026-04-20T01:25:45","slug":"agostina-hein-la-mas-ganadora-de-los-juegos-suramericanos-de-la-juventud-se-despidio-de-panama-2026-con-su-novena-medalla-dorada","status":"publish","type":"post","link":"https:\/\/masquenoticiastucuman.com.ar\/?p=60900","title":{"rendered":"Agostina Hein, la m\u00e1s ganadora de los Juegos Suramericanos de la Juventud: se despidi\u00f3 de Panam\u00e1 2026 con su novena medalla dorada"},"content":{"rendered":"<ul>\n<li>La nadadora de Campana, que fue una de las abanderadas de la delegaci\u00f3n, gan\u00f3 sus \u00faltimas dos competencias en los 200m mariposa y los 400 libre.<\/li>\n<li>Todos sus triunfos, uno por uno.<\/li>\n<\/ul>\n<p>\u200bLa nadadora de Campana, que fue una de las abanderadas de la delegaci\u00f3n, gan\u00f3 sus \u00faltimas dos competencias en los 200m mariposa y los 400 libre.Todos sus triunfos, uno por uno.\u00a0<a href=\"https:\/\/www.clarin.com\/deportes\/agostina-hein-ganadora-juegos-suramericanos-juventud-despidio-panama-2026-novena-medalla-dorada_0_PwGwbOtp4D.html\" target=\"_blank\" class=\"feedzy-rss-link-icon\">Read More<\/a><\/p>","protected":false},"excerpt":{"rendered":"<p>La nadadora de Campana, que fue una de las abanderadas de la delegaci\u00f3n, gan\u00f3 sus&#8230;<\/p>\n","protected":false},"author":1,"featured_media":0,"comment_status":"open","ping_status":"open","sticky":false,"template":"","format":"standard","meta":{"footnotes":""},"categories":[6],"tags":[],"class_list":["post-60900","post","type-post","status-publish","format-standard","has-post-thumbnail","hentry","category-deportes"],"_links":{"self":[{"href":"https:\/\/masquenoticiastucuman.com.ar\/index.php?rest_route=\/wp\/v2\/posts\/60900","targetHints":{"allow":["GET"]}}],"collection":[{"href":"https:\/\/masquenoticiastucuman.com.ar\/index.php?rest_route=\/wp\/v2\/posts"}],"about":[{"href":"https:\/\/masquenoticiastucuman.com.ar\/index.php?rest_route=\/wp\/v2\/types\/post"}],"author":[{"embeddable":true,"href":"https:\/\/masquenoticiastucuman.com.ar\/index.php?rest_route=\/wp\/v2\/users\/1"}],"replies":[{"embeddable":true,"href":"https:\/\/masquenoticiastucuman.com.ar\/index.php?rest_route=%2Fwp%2Fv2%2Fcomments&post=60900"}],"version-history":[{"count":0,"href":"https:\/\/masquenoticiastucuman.com.ar\/index.php?rest_route=\/wp\/v2\/posts\/60900\/revisions"}],"wp:attachment":[{"href":"https:\/\/masquenoticiastucuman.com.ar\/index.php?rest_route=%2Fwp%2Fv2%2Fmedia&parent=60900"}],"wp:term":[{"taxonomy":"category","embeddable":true,"href":"https:\/\/masquenoticiastucuman.com.ar\/index.php?rest_route=%2Fwp%2Fv2%2Fcategories&post=60900"},{"taxonomy":"post_tag","embeddable":true,"href":"https:\/\/masquenoticiastucuman.com.ar\/index.php?rest_route=%2Fwp%2Fv2%2Ftags&post=60900"}],"curies":[{"name":"wp","href":"https:\/\/api.w.org\/{rel}","templated":true}]}}