{"id":60901,"date":"2026-04-19T22:01:00","date_gmt":"2026-04-20T01:01:00","guid":{"rendered":"http:\/\/masquenoticiastucuman.com.ar\/?p=60901"},"modified":"2026-04-19T22:01:00","modified_gmt":"2026-04-20T01:01:00","slug":"eduardo-coudet-entre-la-sinceridad-y-la-esperanza-despues-de-la-derrota-de-river-vs-boca-nos-esta-costando-mas-de-lo-que-pensaba","status":"publish","type":"post","link":"https:\/\/masquenoticiastucuman.com.ar\/?p=60901","title":{"rendered":"Eduardo Coudet, entre la sinceridad y la esperanza despu\u00e9s de la derrota de River vs Boca: &#8220;Nos est\u00e1 costando m\u00e1s de lo que pensaba&#8221;"},"content":{"rendered":"<ul>\n<li>Al margen de la jugada pol\u00e9mica del final del Supercl\u00e1sico, el DT del Millonario no esquiv\u00f3 el mal desempe\u00f1o de su equipo.<\/li>\n<li>Adem\u00e1s se refiri\u00f3 al desempe\u00f1o de Leandro Paredes.<\/li>\n<\/ul>\n<p>\u200bAl margen de la jugada pol\u00e9mica del final del Supercl\u00e1sico, el DT del Millonario no esquiv\u00f3 el mal desempe\u00f1o de su equipo.Adem\u00e1s se refiri\u00f3 al desempe\u00f1o de Leandro Paredes.\u00a0<a href=\"https:\/\/www.clarin.com\/deportes\/eduardo-coudet-sinceridad-esperanza-despues-derrota-river-vs-boca-costando-pensaba_0_tvRzo0jCJM.html\" target=\"_blank\" class=\"feedzy-rss-link-icon\">Read More<\/a><\/p>","protected":false},"excerpt":{"rendered":"<p>Al margen de la jugada pol\u00e9mica del final del Supercl\u00e1sico, el DT del Millonario no&#8230;<\/p>\n","protected":false},"author":1,"featured_media":0,"comment_status":"open","ping_status":"open","sticky":false,"template":"","format":"standard","meta":{"footnotes":""},"categories":[6],"tags":[],"class_list":["post-60901","post","type-post","status-publish","format-standard","has-post-thumbnail","hentry","category-deportes"],"_links":{"self":[{"href":"https:\/\/masquenoticiastucuman.com.ar\/index.php?rest_route=\/wp\/v2\/posts\/60901","targetHints":{"allow":["GET"]}}],"collection":[{"href":"https:\/\/masquenoticiastucuman.com.ar\/index.php?rest_route=\/wp\/v2\/posts"}],"about":[{"href":"https:\/\/masquenoticiastucuman.com.ar\/index.php?rest_route=\/wp\/v2\/types\/post"}],"author":[{"embeddable":true,"href":"https:\/\/masquenoticiastucuman.com.ar\/index.php?rest_route=\/wp\/v2\/users\/1"}],"replies":[{"embeddable":true,"href":"https:\/\/masquenoticiastucuman.com.ar\/index.php?rest_route=%2Fwp%2Fv2%2Fcomments&post=60901"}],"version-history":[{"count":0,"href":"https:\/\/masquenoticiastucuman.com.ar\/index.php?rest_route=\/wp\/v2\/posts\/60901\/revisions"}],"wp:attachment":[{"href":"https:\/\/masquenoticiastucuman.com.ar\/index.php?rest_route=%2Fwp%2Fv2%2Fmedia&parent=60901"}],"wp:term":[{"taxonomy":"category","embeddable":true,"href":"https:\/\/masquenoticiastucuman.com.ar\/index.php?rest_route=%2Fwp%2Fv2%2Fcategories&post=60901"},{"taxonomy":"post_tag","embeddable":true,"href":"https:\/\/masquenoticiastucuman.com.ar\/index.php?rest_route=%2Fwp%2Fv2%2Ftags&post=60901"}],"curies":[{"name":"wp","href":"https:\/\/api.w.org\/{rel}","templated":true}]}}