{"id":60905,"date":"2026-04-20T04:35:24","date_gmt":"2026-04-20T07:35:24","guid":{"rendered":"http:\/\/masquenoticiastucuman.com.ar\/?p=60905"},"modified":"2026-04-20T04:35:24","modified_gmt":"2026-04-20T07:35:24","slug":"luis-brandoni-y-la-historia-de-las-tres-empanadas-una-coupe-japonesa-en-lugano-la-revelacion-del-acomodador-y-el-sticker-del-final-que-nadie-recuerda","status":"publish","type":"post","link":"https:\/\/masquenoticiastucuman.com.ar\/?p=60905","title":{"rendered":"Luis Brandoni y la historia de las &#8220;tres empanadas&#8221;: una coup\u00e9 japonesa en Lugano, la revelaci\u00f3n del acomodador y el sticker del final que nadie recuerda"},"content":{"rendered":"<ul>\n<li>La escena de &#8220;Esperando la carroza&#8221; es la m\u00e1s recordada del actor, que muri\u00f3 este domingo a los 86 a\u00f1os.<\/li>\n<li>Por qu\u00e9 se meti\u00f3 en la lengua popular una frase de la que nadie se ri\u00f3 y la revelaci\u00f3n en un cine de Boedo.<\/li>\n<\/ul>\n<p>\u200bLa escena de &#8220;Esperando la carroza&#8221; es la m\u00e1s recordada del actor, que muri\u00f3 este domingo a los 86 a\u00f1os.Por qu\u00e9 se meti\u00f3 en la lengua popular una frase de la que nadie se ri\u00f3 y la revelaci\u00f3n en un cine de Boedo.\u00a0<a href=\"https:\/\/www.clarin.com\/espectaculos\/luis-brandoni-historia-empanadas-coupe-japonesa-lugano-revelacion-acomodador-sticker-final-nadie-recuerda_0_i9CjVveDAz.html\" target=\"_blank\" class=\"feedzy-rss-link-icon\">Read More<\/a><\/p>","protected":false},"excerpt":{"rendered":"<p>La escena de &#8220;Esperando la carroza&#8221; es la m\u00e1s recordada del actor, que muri\u00f3 este&#8230;<\/p>\n","protected":false},"author":1,"featured_media":0,"comment_status":"open","ping_status":"open","sticky":false,"template":"","format":"standard","meta":{"footnotes":""},"categories":[5],"tags":[],"class_list":["post-60905","post","type-post","status-publish","format-standard","has-post-thumbnail","hentry","category-espectaculo"],"_links":{"self":[{"href":"https:\/\/masquenoticiastucuman.com.ar\/index.php?rest_route=\/wp\/v2\/posts\/60905","targetHints":{"allow":["GET"]}}],"collection":[{"href":"https:\/\/masquenoticiastucuman.com.ar\/index.php?rest_route=\/wp\/v2\/posts"}],"about":[{"href":"https:\/\/masquenoticiastucuman.com.ar\/index.php?rest_route=\/wp\/v2\/types\/post"}],"author":[{"embeddable":true,"href":"https:\/\/masquenoticiastucuman.com.ar\/index.php?rest_route=\/wp\/v2\/users\/1"}],"replies":[{"embeddable":true,"href":"https:\/\/masquenoticiastucuman.com.ar\/index.php?rest_route=%2Fwp%2Fv2%2Fcomments&post=60905"}],"version-history":[{"count":0,"href":"https:\/\/masquenoticiastucuman.com.ar\/index.php?rest_route=\/wp\/v2\/posts\/60905\/revisions"}],"wp:attachment":[{"href":"https:\/\/masquenoticiastucuman.com.ar\/index.php?rest_route=%2Fwp%2Fv2%2Fmedia&parent=60905"}],"wp:term":[{"taxonomy":"category","embeddable":true,"href":"https:\/\/masquenoticiastucuman.com.ar\/index.php?rest_route=%2Fwp%2Fv2%2Fcategories&post=60905"},{"taxonomy":"post_tag","embeddable":true,"href":"https:\/\/masquenoticiastucuman.com.ar\/index.php?rest_route=%2Fwp%2Fv2%2Ftags&post=60905"}],"curies":[{"name":"wp","href":"https:\/\/api.w.org\/{rel}","templated":true}]}}