{"id":60908,"date":"2026-04-20T06:01:41","date_gmt":"2026-04-20T09:01:41","guid":{"rendered":"http:\/\/masquenoticiastucuman.com.ar\/?p=60908"},"modified":"2026-04-20T06:01:41","modified_gmt":"2026-04-20T09:01:41","slug":"la-cruda-mirada-de-steve-nash-es-desafortunado-y-lamentable-que-no-haya-argentinos-en-la-nba","status":"publish","type":"post","link":"https:\/\/masquenoticiastucuman.com.ar\/?p=60908","title":{"rendered":"La cruda mirada de Steve Nash: &#8220;Es desafortunado y lamentable que no haya argentinos en la NBA&#8221;"},"content":{"rendered":"<ul>\n<li>El ex base de Phoenix Suns le contest\u00f3 as\u00ed a Clar\u00edn en una rueda de prensa con medios internacionales.<\/li>\n<li>El canadiense palpita los playoffs de la mejor liga de b\u00e1squetbol.<\/li>\n<li>Habla del MVP y de los candidatos al t\u00edtulo, en su rol de comentarista de Amazon Prime.<\/li>\n<\/ul>\n<p>\u200bEl ex base de Phoenix Suns le contest\u00f3 as\u00ed a Clar\u00edn en una rueda de prensa con medios internacionales.El canadiense palpita los playoffs de la mejor liga de b\u00e1squetbol.Habla del MVP y de los candidatos al t\u00edtulo, en su rol de comentarista de Amazon Prime.\u00a0<a href=\"https:\/\/www.clarin.com\/deportes\/cruda-mirada-steve-nash-desafortunado-lamentable-argentinos-nba_0_EsEaBmQQzv.html\" target=\"_blank\" class=\"feedzy-rss-link-icon\">Read More<\/a><\/p>","protected":false},"excerpt":{"rendered":"<p>El ex base de Phoenix Suns le contest\u00f3 as\u00ed a Clar\u00edn en una rueda de&#8230;<\/p>\n","protected":false},"author":1,"featured_media":0,"comment_status":"open","ping_status":"open","sticky":false,"template":"","format":"standard","meta":{"footnotes":""},"categories":[6],"tags":[],"class_list":["post-60908","post","type-post","status-publish","format-standard","has-post-thumbnail","hentry","category-deportes"],"_links":{"self":[{"href":"https:\/\/masquenoticiastucuman.com.ar\/index.php?rest_route=\/wp\/v2\/posts\/60908","targetHints":{"allow":["GET"]}}],"collection":[{"href":"https:\/\/masquenoticiastucuman.com.ar\/index.php?rest_route=\/wp\/v2\/posts"}],"about":[{"href":"https:\/\/masquenoticiastucuman.com.ar\/index.php?rest_route=\/wp\/v2\/types\/post"}],"author":[{"embeddable":true,"href":"https:\/\/masquenoticiastucuman.com.ar\/index.php?rest_route=\/wp\/v2\/users\/1"}],"replies":[{"embeddable":true,"href":"https:\/\/masquenoticiastucuman.com.ar\/index.php?rest_route=%2Fwp%2Fv2%2Fcomments&post=60908"}],"version-history":[{"count":0,"href":"https:\/\/masquenoticiastucuman.com.ar\/index.php?rest_route=\/wp\/v2\/posts\/60908\/revisions"}],"wp:attachment":[{"href":"https:\/\/masquenoticiastucuman.com.ar\/index.php?rest_route=%2Fwp%2Fv2%2Fmedia&parent=60908"}],"wp:term":[{"taxonomy":"category","embeddable":true,"href":"https:\/\/masquenoticiastucuman.com.ar\/index.php?rest_route=%2Fwp%2Fv2%2Fcategories&post=60908"},{"taxonomy":"post_tag","embeddable":true,"href":"https:\/\/masquenoticiastucuman.com.ar\/index.php?rest_route=%2Fwp%2Fv2%2Ftags&post=60908"}],"curies":[{"name":"wp","href":"https:\/\/api.w.org\/{rel}","templated":true}]}}