{"id":60909,"date":"2026-04-20T06:01:40","date_gmt":"2026-04-20T09:01:40","guid":{"rendered":"http:\/\/masquenoticiastucuman.com.ar\/?p=60909"},"modified":"2026-04-20T06:01:40","modified_gmt":"2026-04-20T09:01:40","slug":"italia-1990-la-campana-de-menem-por-ramon-diaz-y-el-asado-que-no-convencio-a-bilardo","status":"publish","type":"post","link":"https:\/\/masquenoticiastucuman.com.ar\/?p=60909","title":{"rendered":"Italia 1990: la campa\u00f1a de Menem por Ram\u00f3n D\u00edaz y el asado que no convenci\u00f3 a Bilardo"},"content":{"rendered":"<ul>\n<li>El Presidente quer\u00eda que su coterr\u00e1neo riojano integrara el plantel mundialista.<\/li>\n<li>Y llev\u00f3 al DT y a Grondona a Olivos para intentar persuadirlos. <\/li>\n<li>Maradona se plant\u00f3 y baj\u00f3 l\u00ednea para evitar las injerencias de la pol\u00edtica.<\/li>\n<\/ul>\n<p>\u200bEl Presidente quer\u00eda que su coterr\u00e1neo riojano integrara el plantel mundialista.Y llev\u00f3 al DT y a Grondona a Olivos para intentar persuadirlos. Maradona se plant\u00f3 y baj\u00f3 l\u00ednea para evitar las injerencias de la pol\u00edtica.\u00a0<a href=\"https:\/\/www.clarin.com\/deportes\/italia-1990-campana-menem-ramon-diaz-asado-convencio-bilardo_0_Fpt6ldAd2b.html\" target=\"_blank\" class=\"feedzy-rss-link-icon\">Read More<\/a><\/p>","protected":false},"excerpt":{"rendered":"<p>El Presidente quer\u00eda que su coterr\u00e1neo riojano integrara el plantel mundialista. Y llev\u00f3 al DT&#8230;<\/p>\n","protected":false},"author":1,"featured_media":0,"comment_status":"open","ping_status":"open","sticky":false,"template":"","format":"standard","meta":{"footnotes":""},"categories":[6],"tags":[],"class_list":["post-60909","post","type-post","status-publish","format-standard","has-post-thumbnail","hentry","category-deportes"],"_links":{"self":[{"href":"https:\/\/masquenoticiastucuman.com.ar\/index.php?rest_route=\/wp\/v2\/posts\/60909","targetHints":{"allow":["GET"]}}],"collection":[{"href":"https:\/\/masquenoticiastucuman.com.ar\/index.php?rest_route=\/wp\/v2\/posts"}],"about":[{"href":"https:\/\/masquenoticiastucuman.com.ar\/index.php?rest_route=\/wp\/v2\/types\/post"}],"author":[{"embeddable":true,"href":"https:\/\/masquenoticiastucuman.com.ar\/index.php?rest_route=\/wp\/v2\/users\/1"}],"replies":[{"embeddable":true,"href":"https:\/\/masquenoticiastucuman.com.ar\/index.php?rest_route=%2Fwp%2Fv2%2Fcomments&post=60909"}],"version-history":[{"count":0,"href":"https:\/\/masquenoticiastucuman.com.ar\/index.php?rest_route=\/wp\/v2\/posts\/60909\/revisions"}],"wp:attachment":[{"href":"https:\/\/masquenoticiastucuman.com.ar\/index.php?rest_route=%2Fwp%2Fv2%2Fmedia&parent=60909"}],"wp:term":[{"taxonomy":"category","embeddable":true,"href":"https:\/\/masquenoticiastucuman.com.ar\/index.php?rest_route=%2Fwp%2Fv2%2Fcategories&post=60909"},{"taxonomy":"post_tag","embeddable":true,"href":"https:\/\/masquenoticiastucuman.com.ar\/index.php?rest_route=%2Fwp%2Fv2%2Ftags&post=60909"}],"curies":[{"name":"wp","href":"https:\/\/api.w.org\/{rel}","templated":true}]}}