{"id":60918,"date":"2026-04-20T10:27:22","date_gmt":"2026-04-20T13:27:22","guid":{"rendered":"https:\/\/masquenoticiastucuman.com.ar\/?p=60918"},"modified":"2026-04-20T10:27:23","modified_gmt":"2026-04-20T13:27:23","slug":"la-policia-detuvo-a-pelain-nassif-tras-un-exitoso-allanamiento","status":"publish","type":"post","link":"https:\/\/masquenoticiastucuman.com.ar\/?p=60918","title":{"rendered":"La Polic\u00eda detuvo a \u201cPela\u00edn\u201d Nassif tras un exitoso allanamiento"},"content":{"rendered":"\n<p>El acusado es investigado por narcotr\u00e1fico en el sur de la provincia.<\/p>\n\n\n\n<p id=\"isPasted\">El comisario general Jorge Nacusse, jefe de la Direcci\u00f3n General de Drogas Peligrosas, inform\u00f3 este domingo acerca del resultado positivo de un allanamiento: \u201cPersonal de la DIDROP Concepci\u00f3n-Sur se encontraba abocado a la b\u00fasqueda de esta persona, conocida como \u201cPela\u00edn\u201d, una persona con frondoso prontuario, ya contaba con causas de robo agravado, por las que hab\u00eda cumplido siete a\u00f1os de condena, y ahora estaba siendo buscado por una causa de narcotr\u00e1fico, tambi\u00e9n investigada por la DIDROP Sur\u201d.<\/p>\n\n\n\n<p>En cuanto al procedimiento llevado a cabo en el loteo Ferraioli, al oeste de Famaill\u00e1, detall\u00f3: \u201cFuertemente apoyado por el grupo CERO de la Polic\u00eda de Tucum\u00e1n, DIDROP Capital, DIDROP Sur y DIDROP Este, se irrumpi\u00f3 en este domicilio, donde, seg\u00fan las tareas de inteligencia realizadas, estaba pernotando desde hace unos d\u00edas esta persona\u201d.<\/p>\n\n\n\n<p>Adem\u00e1s, coment\u00f3 que hace unos d\u00edas atr\u00e1s se hab\u00eda realizado un allanamiento, pero esta persona no se encontraba y, seg\u00fan las averiguaciones, se hab\u00eda mudado a otra provincia y recientemente hab\u00eda regresado. \u201cSe realizaron las averiguaciones, las constataciones y las actuaciones, y en la fecha se consigui\u00f3 la medida de allanamiento, cuyo ingreso no fue f\u00e1cil. Hab\u00eda construido portones fuertemente con trabas desde el interior, ten\u00eda boyeros con corriente en la parte superior; esta es una casa de dos plantas\u201d, agreg\u00f3.<\/p>\n\n\n\n<p>\u201cAl momento de la ejecuci\u00f3n del grupo CERO, esta persona se ve que, por parte del primer piso, sale corriendo y empieza a saltar los fondos vecinos, hasta que es atrapado a unos 50 metros de ac\u00e1 del lugar. Todav\u00eda ten\u00eda el tel\u00e9fono celular y una muda de ropa. Luego es tra\u00eddo nuevamente al domicilio, en presencia de los testigos, se le da a conocer que se encuentra detenido por la causa de infracci\u00f3n a la Ley de Estupefacientes, a disposici\u00f3n de la UFINAR Concepci\u00f3n y del juzgado de turno\u201d, indic\u00f3.<\/p>\n\n\n\n<p>Sobre los secuestros, coment\u00f3: \u201cSe han encontrado 2.800.000 que hab\u00eda en el domicilio, un DVR; toda la cuadra tiene c\u00e1maras y un gran televisor que ten\u00eda en el dormitorio, ve\u00eda todos los movimientos de la Polic\u00eda y por eso tambi\u00e9n que al momento de la irrupci\u00f3n lo hicimos con veh\u00edculos particulares y luego llegaron los veh\u00edculos bloqueados. Se ha secuestrado una caja de municiones del calibre 9 mil\u00edmetros y cuatro celulares, anotaciones muy contundentes, lo que nos lleva a cerrar el c\u00edrculo y, de esa manera, detener a la persona que era intensamente buscada por toda la Polic\u00eda de Tucum\u00e1n\u201d.<\/p>\n\n\n\n<p>Adem\u00e1s, recalc\u00f3: \u201cEl se\u00f1or Gobernador hab\u00eda hecho una oferta de 10 millones de pesos para la persona que colabore con datos ciertos, pero, en este caso, no fue necesario porque la Polic\u00eda, a trav\u00e9s de la Secci\u00f3n Inteligencia, logr\u00f3 dar con el paradero de esa persona y as\u00ed desarticular totalmente esta organizaci\u00f3n\u201d.<\/p>\n\n\n\n<p>Por su parte, el comisario Miguel Castillo, jefe de la Direcci\u00f3n Drogas Peligrosas Concepci\u00f3n, se\u00f1al\u00f3 que el 30 de noviembre del a\u00f1o pasado la Secci\u00f3n Inteligencia de DIDROP Concepci\u00f3n, luego de recopilar diversos datos y medios de prueba, procedi\u00f3 al allanamiento de varios domicilios en la ciudad de Concepci\u00f3n y a la persona que abastec\u00eda esos domicilios, que se trataba de Nassif, el cual se domiciliaba en la ciudad de Famaill\u00e1, y record\u00f3 que en esa ocasi\u00f3n, durante un allanamiento, se secuestr\u00f3 gran material de prueba, como ser un ladrillo de &nbsp;coca\u00edna, balanzas, anotaciones, DVRs, motocicletas y casi 7 millones de pesos.<\/p>\n\n\n\n<p>\u201cEn esa oportunidad, el mencionado Nassif se hab\u00eda evadido del allanamiento y, teni\u00e9ndose en cuenta los resultados del allanamiento, las sustancias, la UFINAR Concepci\u00f3n, a cargo del doctor Carlos Sale, y la Secretar\u00eda, a cargo del doctor S\u00e1nchez Andrea, solicitaron una orden de captura en contra del muchacho. Es por eso que la Secci\u00f3n Inteligencia continu\u00f3 con las medidas de investigaci\u00f3n para tratar de dar con este sujeto y se realizaron dos medidas de allanamiento, las cuales, en esa oportunidad, no fueron positivas y se sigui\u00f3 con la l\u00ednea de investigaci\u00f3n, la cual me llev\u00f3 a sospechar que este sujeto se encontraba en otra provincia\u201d, expres\u00f3 Castillo. En tanto, precis\u00f3: \u201cSiguiendo con la l\u00ednea investigativa, tomamos conocimiento de que esta persona hab\u00eda regresado a la provincia y se encontr\u00f3 pernoctando en la casa de su pareja; por tal motivo, se solicit\u00f3 la medida de allanamiento, la cual fue otorgada por la UFINAR y ejecutada en la fecha, en horas de la tarde, por un grupo del Cuerpo Especial de Rescate y Operaciones CERO\u201d.<\/p>\n\n\n\n<p>\u201cIngresamos y esta persona se dio a la fuga por el costado de la casa y fue detenido en la casa colindante. Se procede al secuestro de celulares, casi 3 millones de pesos, los DVR de las c\u00e1maras de filmaci\u00f3n. Ha tomado intervenci\u00f3n la Fiscal\u00eda, ha dispuesto que se le hagan las medidas pertinentes y va a ser tomado en indagatoria el d\u00eda de ma\u00f1ana\u201d, a\u00f1adi\u00f3.<\/p>\n\n\n\n<p>Finalmente, concluy\u00f3: \u201cEsta persona estuvo casi seis meses evadida de la justicia, y bueno, hasta que el equipo de la DIDROP Concepci\u00f3n tom\u00f3 conocimiento de d\u00f3nde se encontraba y solicit\u00f3 las medidas. Tambi\u00e9n se procedi\u00f3 al secuestro en la fecha de un autom\u00f3vil que es utilizado por esta persona para distribuir las sustancias estupefacientes en los diferentes quioscos\u201d.<\/p>\n","protected":false},"excerpt":{"rendered":"<p>El acusado es investigado por narcotr\u00e1fico en el sur de la provincia. El comisario general&#8230;<\/p>\n","protected":false},"author":2,"featured_media":60919,"comment_status":"open","ping_status":"open","sticky":false,"template":"","format":"standard","meta":{"footnotes":""},"categories":[2],"tags":[],"class_list":["post-60918","post","type-post","status-publish","format-standard","has-post-thumbnail","hentry","category-locales"],"_links":{"self":[{"href":"https:\/\/masquenoticiastucuman.com.ar\/index.php?rest_route=\/wp\/v2\/posts\/60918","targetHints":{"allow":["GET"]}}],"collection":[{"href":"https:\/\/masquenoticiastucuman.com.ar\/index.php?rest_route=\/wp\/v2\/posts"}],"about":[{"href":"https:\/\/masquenoticiastucuman.com.ar\/index.php?rest_route=\/wp\/v2\/types\/post"}],"author":[{"embeddable":true,"href":"https:\/\/masquenoticiastucuman.com.ar\/index.php?rest_route=\/wp\/v2\/users\/2"}],"replies":[{"embeddable":true,"href":"https:\/\/masquenoticiastucuman.com.ar\/index.php?rest_route=%2Fwp%2Fv2%2Fcomments&post=60918"}],"version-history":[{"count":1,"href":"https:\/\/masquenoticiastucuman.com.ar\/index.php?rest_route=\/wp\/v2\/posts\/60918\/revisions"}],"predecessor-version":[{"id":60920,"href":"https:\/\/masquenoticiastucuman.com.ar\/index.php?rest_route=\/wp\/v2\/posts\/60918\/revisions\/60920"}],"wp:featuredmedia":[{"embeddable":true,"href":"https:\/\/masquenoticiastucuman.com.ar\/index.php?rest_route=\/wp\/v2\/media\/60919"}],"wp:attachment":[{"href":"https:\/\/masquenoticiastucuman.com.ar\/index.php?rest_route=%2Fwp%2Fv2%2Fmedia&parent=60918"}],"wp:term":[{"taxonomy":"category","embeddable":true,"href":"https:\/\/masquenoticiastucuman.com.ar\/index.php?rest_route=%2Fwp%2Fv2%2Fcategories&post=60918"},{"taxonomy":"post_tag","embeddable":true,"href":"https:\/\/masquenoticiastucuman.com.ar\/index.php?rest_route=%2Fwp%2Fv2%2Ftags&post=60918"}],"curies":[{"name":"wp","href":"https:\/\/api.w.org\/{rel}","templated":true}]}}