{"id":60921,"date":"2026-04-20T10:33:18","date_gmt":"2026-04-20T13:33:18","guid":{"rendered":"http:\/\/masquenoticiastucuman.com.ar\/?p=60921"},"modified":"2026-04-20T10:33:18","modified_gmt":"2026-04-20T13:33:18","slug":"perdidas-millonarias-la-mayoria-de-los-cortes-de-los-transportistas-se-levantaron-en-buenos-aires-pero-el-puerto-de-quequen-sigue-bloqueado","status":"publish","type":"post","link":"https:\/\/masquenoticiastucuman.com.ar\/?p=60921","title":{"rendered":"P\u00e9rdidas millonarias: la mayor\u00eda de los cortes de los transportistas se levantaron en Buenos Aires, pero el puerto de Quequ\u00e9n sigue bloqueado"},"content":{"rendered":"<p>Post Content\u200b\u00a0<a href=\"https:\/\/www.clarin.com\/rural\/perdidas-millonarias-mayoria-cortes-transportistas-levantaron-buenos-aires-puerto-quequen-sigue-bloqueado_0_i8jgklolWp.html\" target=\"_blank\" class=\"feedzy-rss-link-icon\">Read More<\/a><\/p>","protected":false},"excerpt":{"rendered":"<p>Post Content\u200b\u00a0Read More<\/p>\n","protected":false},"author":1,"featured_media":0,"comment_status":"open","ping_status":"open","sticky":false,"template":"","format":"standard","meta":{"footnotes":""},"categories":[3],"tags":[],"class_list":["post-60921","post","type-post","status-publish","format-standard","has-post-thumbnail","hentry","category-nacionales"],"_links":{"self":[{"href":"https:\/\/masquenoticiastucuman.com.ar\/index.php?rest_route=\/wp\/v2\/posts\/60921","targetHints":{"allow":["GET"]}}],"collection":[{"href":"https:\/\/masquenoticiastucuman.com.ar\/index.php?rest_route=\/wp\/v2\/posts"}],"about":[{"href":"https:\/\/masquenoticiastucuman.com.ar\/index.php?rest_route=\/wp\/v2\/types\/post"}],"author":[{"embeddable":true,"href":"https:\/\/masquenoticiastucuman.com.ar\/index.php?rest_route=\/wp\/v2\/users\/1"}],"replies":[{"embeddable":true,"href":"https:\/\/masquenoticiastucuman.com.ar\/index.php?rest_route=%2Fwp%2Fv2%2Fcomments&post=60921"}],"version-history":[{"count":0,"href":"https:\/\/masquenoticiastucuman.com.ar\/index.php?rest_route=\/wp\/v2\/posts\/60921\/revisions"}],"wp:attachment":[{"href":"https:\/\/masquenoticiastucuman.com.ar\/index.php?rest_route=%2Fwp%2Fv2%2Fmedia&parent=60921"}],"wp:term":[{"taxonomy":"category","embeddable":true,"href":"https:\/\/masquenoticiastucuman.com.ar\/index.php?rest_route=%2Fwp%2Fv2%2Fcategories&post=60921"},{"taxonomy":"post_tag","embeddable":true,"href":"https:\/\/masquenoticiastucuman.com.ar\/index.php?rest_route=%2Fwp%2Fv2%2Ftags&post=60921"}],"curies":[{"name":"wp","href":"https:\/\/api.w.org\/{rel}","templated":true}]}}