{"id":60923,"date":"2026-04-20T10:20:04","date_gmt":"2026-04-20T13:20:04","guid":{"rendered":"http:\/\/masquenoticiastucuman.com.ar\/?p=60923"},"modified":"2026-04-20T10:20:04","modified_gmt":"2026-04-20T13:20:04","slug":"habla-un-capitan-iraqui-que-surca-la-ruta-del-golfo-de-oman-al-estrecho-de-ormuz-en-plena-guerra-navegamos-sobre-una-bola-de-fuego","status":"publish","type":"post","link":"https:\/\/masquenoticiastucuman.com.ar\/?p=60923","title":{"rendered":"Habla un capit\u00e1n iraqu\u00ed que surca la ruta del Golfo de Om\u00e1n al estrecho de Ormuz en plena guerra: &#8220;Navegamos sobre una bola de fuego\u201d"},"content":{"rendered":"<ul>\n<li>Rahman Al-Jubouri cuenta que su trabajo hoy es &#8220;un riesgo total&#8221; y que puede ser bombardeados en cualquier momento.<\/li>\n<li>Parte de su tripulaci\u00f3n lo abandon\u00f3 por miedo y ya tienen un plan de contingencia en caso de ser atacados.<\/li>\n<\/ul>\n<p>\u200bRahman Al-Jubouri cuenta que su trabajo hoy es &#8220;un riesgo total&#8221; y que puede ser bombardeados en cualquier momento.Parte de su tripulaci\u00f3n lo abandon\u00f3 por miedo y ya tienen un plan de contingencia en caso de ser atacados.\u00a0<a href=\"https:\/\/www.clarin.com\/mundo\/habla-capitan-iraqui-surca-ruta-golfo-oman-estrecho-ormuz-plena-guerra-navegamos-bola-fuego_0_meuszkQGrr.html\" target=\"_blank\" class=\"feedzy-rss-link-icon\">Read More<\/a><\/p>","protected":false},"excerpt":{"rendered":"<p>Rahman Al-Jubouri cuenta que su trabajo hoy es &#8220;un riesgo total&#8221; y que puede ser&#8230;<\/p>\n","protected":false},"author":1,"featured_media":60924,"comment_status":"open","ping_status":"open","sticky":false,"template":"","format":"standard","meta":{"footnotes":""},"categories":[4],"tags":[],"class_list":["post-60923","post","type-post","status-publish","format-standard","has-post-thumbnail","hentry","category-internacionales"],"_links":{"self":[{"href":"https:\/\/masquenoticiastucuman.com.ar\/index.php?rest_route=\/wp\/v2\/posts\/60923","targetHints":{"allow":["GET"]}}],"collection":[{"href":"https:\/\/masquenoticiastucuman.com.ar\/index.php?rest_route=\/wp\/v2\/posts"}],"about":[{"href":"https:\/\/masquenoticiastucuman.com.ar\/index.php?rest_route=\/wp\/v2\/types\/post"}],"author":[{"embeddable":true,"href":"https:\/\/masquenoticiastucuman.com.ar\/index.php?rest_route=\/wp\/v2\/users\/1"}],"replies":[{"embeddable":true,"href":"https:\/\/masquenoticiastucuman.com.ar\/index.php?rest_route=%2Fwp%2Fv2%2Fcomments&post=60923"}],"version-history":[{"count":0,"href":"https:\/\/masquenoticiastucuman.com.ar\/index.php?rest_route=\/wp\/v2\/posts\/60923\/revisions"}],"wp:featuredmedia":[{"embeddable":true,"href":"https:\/\/masquenoticiastucuman.com.ar\/index.php?rest_route=\/wp\/v2\/media\/60924"}],"wp:attachment":[{"href":"https:\/\/masquenoticiastucuman.com.ar\/index.php?rest_route=%2Fwp%2Fv2%2Fmedia&parent=60923"}],"wp:term":[{"taxonomy":"category","embeddable":true,"href":"https:\/\/masquenoticiastucuman.com.ar\/index.php?rest_route=%2Fwp%2Fv2%2Fcategories&post=60923"},{"taxonomy":"post_tag","embeddable":true,"href":"https:\/\/masquenoticiastucuman.com.ar\/index.php?rest_route=%2Fwp%2Fv2%2Ftags&post=60923"}],"curies":[{"name":"wp","href":"https:\/\/api.w.org\/{rel}","templated":true}]}}