{"id":60925,"date":"2026-04-20T09:50:42","date_gmt":"2026-04-20T12:50:42","guid":{"rendered":"http:\/\/masquenoticiastucuman.com.ar\/?p=60925"},"modified":"2026-04-20T09:50:42","modified_gmt":"2026-04-20T12:50:42","slug":"un-soldado-de-israel-destrozo-a-martillazos-un-cristo-en-el-libano-benjamin-netanyahu-salio-a-repudiarlo","status":"publish","type":"post","link":"https:\/\/masquenoticiastucuman.com.ar\/?p=60925","title":{"rendered":"Un soldado de Israel destroz\u00f3 a martillazos un Cristo en el L\u00edbano: Benjamin Netanyahu sali\u00f3 a repudiarlo"},"content":{"rendered":"<ul>\n<li>El primer ministro conden\u00f3 el acto &#8220;en los t\u00e9rminos m\u00e1s en\u00e9rgicos&#8221; y anticip\u00f3 que el responsable ser\u00e1 sancionado.<\/li>\n<li>&#8220;La conducta del soldado es completamente inconsistente con los valores esperados de sus tropas&#8221;, dijo el Ej\u00e9rcito.<\/li>\n<\/ul>\n<p>\u200bEl primer ministro conden\u00f3 el acto &#8220;en los t\u00e9rminos m\u00e1s en\u00e9rgicos&#8221; y anticip\u00f3 que el responsable ser\u00e1 sancionado.&#8221;La conducta del soldado es completamente inconsistente con los valores esperados de sus tropas&#8221;, dijo el Ej\u00e9rcito.\u00a0<a href=\"https:\/\/www.clarin.com\/mundo\/soldado-israel-destrozo-martillazos-cristo-libano-benjamin-netanyahu-salio-repudiarlo_0_oXLcnSUo5q.html\" target=\"_blank\" class=\"feedzy-rss-link-icon\">Read More<\/a><\/p>","protected":false},"excerpt":{"rendered":"<p>El primer ministro conden\u00f3 el acto &#8220;en los t\u00e9rminos m\u00e1s en\u00e9rgicos&#8221; y anticip\u00f3 que el&#8230;<\/p>\n","protected":false},"author":1,"featured_media":60926,"comment_status":"open","ping_status":"open","sticky":false,"template":"","format":"standard","meta":{"footnotes":""},"categories":[4],"tags":[],"class_list":["post-60925","post","type-post","status-publish","format-standard","has-post-thumbnail","hentry","category-internacionales"],"_links":{"self":[{"href":"https:\/\/masquenoticiastucuman.com.ar\/index.php?rest_route=\/wp\/v2\/posts\/60925","targetHints":{"allow":["GET"]}}],"collection":[{"href":"https:\/\/masquenoticiastucuman.com.ar\/index.php?rest_route=\/wp\/v2\/posts"}],"about":[{"href":"https:\/\/masquenoticiastucuman.com.ar\/index.php?rest_route=\/wp\/v2\/types\/post"}],"author":[{"embeddable":true,"href":"https:\/\/masquenoticiastucuman.com.ar\/index.php?rest_route=\/wp\/v2\/users\/1"}],"replies":[{"embeddable":true,"href":"https:\/\/masquenoticiastucuman.com.ar\/index.php?rest_route=%2Fwp%2Fv2%2Fcomments&post=60925"}],"version-history":[{"count":0,"href":"https:\/\/masquenoticiastucuman.com.ar\/index.php?rest_route=\/wp\/v2\/posts\/60925\/revisions"}],"wp:featuredmedia":[{"embeddable":true,"href":"https:\/\/masquenoticiastucuman.com.ar\/index.php?rest_route=\/wp\/v2\/media\/60926"}],"wp:attachment":[{"href":"https:\/\/masquenoticiastucuman.com.ar\/index.php?rest_route=%2Fwp%2Fv2%2Fmedia&parent=60925"}],"wp:term":[{"taxonomy":"category","embeddable":true,"href":"https:\/\/masquenoticiastucuman.com.ar\/index.php?rest_route=%2Fwp%2Fv2%2Fcategories&post=60925"},{"taxonomy":"post_tag","embeddable":true,"href":"https:\/\/masquenoticiastucuman.com.ar\/index.php?rest_route=%2Fwp%2Fv2%2Ftags&post=60925"}],"curies":[{"name":"wp","href":"https:\/\/api.w.org\/{rel}","templated":true}]}}