{"id":60927,"date":"2026-04-20T10:28:57","date_gmt":"2026-04-20T13:28:57","guid":{"rendered":"http:\/\/masquenoticiastucuman.com.ar\/?p=60927"},"modified":"2026-04-20T10:28:57","modified_gmt":"2026-04-20T13:28:57","slug":"un-recuerdo-de-maria-nieves-por-que-fue-la-reina-del-tango","status":"publish","type":"post","link":"https:\/\/masquenoticiastucuman.com.ar\/?p=60927","title":{"rendered":"Un recuerdo de Mar\u00eda Nieves, por qu\u00e9 fue la reina del tango"},"content":{"rendered":"<ul>\n<li>La bailarina muri\u00f3 este domingo 19 de abril, a los 92 a\u00f1os.<\/li>\n<li>Form\u00f3 una pareja hist\u00f3rica con Juan Carlos Copes, y luego de la muerte de \u00e9l, sigui\u00f3 destac\u00e1ndose.<\/li>\n<li>La opini\u00f3n de la especialista de <strong>Clar\u00edn<\/strong>.<\/li>\n<\/ul>\n<p>\u200bLa bailarina muri\u00f3 este domingo 19 de abril, a los 92 a\u00f1os.Form\u00f3 una pareja hist\u00f3rica con Juan Carlos Copes, y luego de la muerte de \u00e9l, sigui\u00f3 destac\u00e1ndose.La opini\u00f3n de la especialista de Clar\u00edn.\u00a0<a href=\"https:\/\/www.clarin.com\/espectaculos\/recuerdo-maria-nieves-reina-tango_0_rJLl4DJ620.html\" target=\"_blank\" class=\"feedzy-rss-link-icon\">Read More<\/a><\/p>","protected":false},"excerpt":{"rendered":"<p>La bailarina muri\u00f3 este domingo 19 de abril, a los 92 a\u00f1os. Form\u00f3 una pareja&#8230;<\/p>\n","protected":false},"author":1,"featured_media":0,"comment_status":"open","ping_status":"open","sticky":false,"template":"","format":"standard","meta":{"footnotes":""},"categories":[5],"tags":[],"class_list":["post-60927","post","type-post","status-publish","format-standard","has-post-thumbnail","hentry","category-espectaculo"],"_links":{"self":[{"href":"https:\/\/masquenoticiastucuman.com.ar\/index.php?rest_route=\/wp\/v2\/posts\/60927","targetHints":{"allow":["GET"]}}],"collection":[{"href":"https:\/\/masquenoticiastucuman.com.ar\/index.php?rest_route=\/wp\/v2\/posts"}],"about":[{"href":"https:\/\/masquenoticiastucuman.com.ar\/index.php?rest_route=\/wp\/v2\/types\/post"}],"author":[{"embeddable":true,"href":"https:\/\/masquenoticiastucuman.com.ar\/index.php?rest_route=\/wp\/v2\/users\/1"}],"replies":[{"embeddable":true,"href":"https:\/\/masquenoticiastucuman.com.ar\/index.php?rest_route=%2Fwp%2Fv2%2Fcomments&post=60927"}],"version-history":[{"count":0,"href":"https:\/\/masquenoticiastucuman.com.ar\/index.php?rest_route=\/wp\/v2\/posts\/60927\/revisions"}],"wp:attachment":[{"href":"https:\/\/masquenoticiastucuman.com.ar\/index.php?rest_route=%2Fwp%2Fv2%2Fmedia&parent=60927"}],"wp:term":[{"taxonomy":"category","embeddable":true,"href":"https:\/\/masquenoticiastucuman.com.ar\/index.php?rest_route=%2Fwp%2Fv2%2Fcategories&post=60927"},{"taxonomy":"post_tag","embeddable":true,"href":"https:\/\/masquenoticiastucuman.com.ar\/index.php?rest_route=%2Fwp%2Fv2%2Ftags&post=60927"}],"curies":[{"name":"wp","href":"https:\/\/api.w.org\/{rel}","templated":true}]}}