{"id":60928,"date":"2026-04-20T10:35:01","date_gmt":"2026-04-20T13:35:01","guid":{"rendered":"http:\/\/masquenoticiastucuman.com.ar\/?p=60928"},"modified":"2026-04-20T10:35:01","modified_gmt":"2026-04-20T13:35:01","slug":"retro-mundial-60-relatos-desconocidos-de-la-seleccion-argentina","status":"publish","type":"post","link":"https:\/\/masquenoticiastucuman.com.ar\/?p=60928","title":{"rendered":"Retro Mundial: 60 relatos (des)conocidos de la Selecci\u00f3n Argentina"},"content":{"rendered":"<ul>\n<li>Se viene Canad\u00e1, M\u00e9xico y Estados Unidos 2026 y la Scaloneta se prepara para la defensa del t\u00edtulo.<\/li>\n<li>El repaso de peque\u00f1as grandes historias que vivi\u00f3 el equipo nacional en la recta final de otras grandes citas.<\/li>\n<\/ul>\n<p>\u200bSe viene Canad\u00e1, M\u00e9xico y Estados Unidos 2026 y la Scaloneta se prepara para la defensa del t\u00edtulo.El repaso de peque\u00f1as grandes historias que vivi\u00f3 el equipo nacional en la recta final de otras grandes citas.\u00a0<a href=\"https:\/\/www.clarin.com\/deportes\/retro-mundial-60-relatos-desconocidos-seleccion-argentina_0_O76IRtbmAv.html\" target=\"_blank\" class=\"feedzy-rss-link-icon\">Read More<\/a><\/p>","protected":false},"excerpt":{"rendered":"<p>Se viene Canad\u00e1, M\u00e9xico y Estados Unidos 2026 y la Scaloneta se prepara para la&#8230;<\/p>\n","protected":false},"author":1,"featured_media":0,"comment_status":"open","ping_status":"open","sticky":false,"template":"","format":"standard","meta":{"footnotes":""},"categories":[6],"tags":[],"class_list":["post-60928","post","type-post","status-publish","format-standard","has-post-thumbnail","hentry","category-deportes"],"_links":{"self":[{"href":"https:\/\/masquenoticiastucuman.com.ar\/index.php?rest_route=\/wp\/v2\/posts\/60928","targetHints":{"allow":["GET"]}}],"collection":[{"href":"https:\/\/masquenoticiastucuman.com.ar\/index.php?rest_route=\/wp\/v2\/posts"}],"about":[{"href":"https:\/\/masquenoticiastucuman.com.ar\/index.php?rest_route=\/wp\/v2\/types\/post"}],"author":[{"embeddable":true,"href":"https:\/\/masquenoticiastucuman.com.ar\/index.php?rest_route=\/wp\/v2\/users\/1"}],"replies":[{"embeddable":true,"href":"https:\/\/masquenoticiastucuman.com.ar\/index.php?rest_route=%2Fwp%2Fv2%2Fcomments&post=60928"}],"version-history":[{"count":0,"href":"https:\/\/masquenoticiastucuman.com.ar\/index.php?rest_route=\/wp\/v2\/posts\/60928\/revisions"}],"wp:attachment":[{"href":"https:\/\/masquenoticiastucuman.com.ar\/index.php?rest_route=%2Fwp%2Fv2%2Fmedia&parent=60928"}],"wp:term":[{"taxonomy":"category","embeddable":true,"href":"https:\/\/masquenoticiastucuman.com.ar\/index.php?rest_route=%2Fwp%2Fv2%2Fcategories&post=60928"},{"taxonomy":"post_tag","embeddable":true,"href":"https:\/\/masquenoticiastucuman.com.ar\/index.php?rest_route=%2Fwp%2Fv2%2Ftags&post=60928"}],"curies":[{"name":"wp","href":"https:\/\/api.w.org\/{rel}","templated":true}]}}