{"id":60933,"date":"2026-04-20T11:08:37","date_gmt":"2026-04-20T14:08:37","guid":{"rendered":"http:\/\/masquenoticiastucuman.com.ar\/?p=60933"},"modified":"2026-04-20T11:08:37","modified_gmt":"2026-04-20T14:08:37","slug":"maria-corina-machado-auguro-un-cambio-de-gobierno-en-espana-y-el-canciller-de-pedro-sanchez-la-acuso-de-desmerecer-las-instituciones","status":"publish","type":"post","link":"https:\/\/masquenoticiastucuman.com.ar\/?p=60933","title":{"rendered":"Mar\u00eda Corina Machado augur\u00f3 un cambio de gobierno en Espa\u00f1a y el canciller de Pedro S\u00e1nchez la acus\u00f3 de &#8220;desmerecer las instituciones&#8221;"},"content":{"rendered":"<ul>\n<li>En Madrid y junto al l\u00edder del PP, la opositora venezolana y Nobel de la Paz fue contundente sobre sus preferencias pol\u00edticas.<\/li>\n<li>El ministro de Relaciones Exteriores, Jos\u00e9 Manuel Albares, lament\u00f3 su comportamiento y la trat\u00f3 de &#8220;l\u00edder ideol\u00f3gica&#8221;.<\/li>\n<\/ul>\n<p>\u200bEn Madrid y junto al l\u00edder del PP, la opositora venezolana y Nobel de la Paz fue contundente sobre sus preferencias pol\u00edticas.El ministro de Relaciones Exteriores, Jos\u00e9 Manuel Albares, lament\u00f3 su comportamiento y la trat\u00f3 de &#8220;l\u00edder ideol\u00f3gica&#8221;.\u00a0<a href=\"https:\/\/www.clarin.com\/mundo\/tensa-relacion-opositora-venezolana-maria-corina-machado-gobierno-pedro-sanchez_0_fkEwjyugSi.html\" target=\"_blank\" class=\"feedzy-rss-link-icon\">Read More<\/a><\/p>","protected":false},"excerpt":{"rendered":"<p>En Madrid y junto al l\u00edder del PP, la opositora venezolana y Nobel de la&#8230;<\/p>\n","protected":false},"author":1,"featured_media":60934,"comment_status":"open","ping_status":"open","sticky":false,"template":"","format":"standard","meta":{"footnotes":""},"categories":[4],"tags":[],"class_list":["post-60933","post","type-post","status-publish","format-standard","has-post-thumbnail","hentry","category-internacionales"],"_links":{"self":[{"href":"https:\/\/masquenoticiastucuman.com.ar\/index.php?rest_route=\/wp\/v2\/posts\/60933","targetHints":{"allow":["GET"]}}],"collection":[{"href":"https:\/\/masquenoticiastucuman.com.ar\/index.php?rest_route=\/wp\/v2\/posts"}],"about":[{"href":"https:\/\/masquenoticiastucuman.com.ar\/index.php?rest_route=\/wp\/v2\/types\/post"}],"author":[{"embeddable":true,"href":"https:\/\/masquenoticiastucuman.com.ar\/index.php?rest_route=\/wp\/v2\/users\/1"}],"replies":[{"embeddable":true,"href":"https:\/\/masquenoticiastucuman.com.ar\/index.php?rest_route=%2Fwp%2Fv2%2Fcomments&post=60933"}],"version-history":[{"count":0,"href":"https:\/\/masquenoticiastucuman.com.ar\/index.php?rest_route=\/wp\/v2\/posts\/60933\/revisions"}],"wp:featuredmedia":[{"embeddable":true,"href":"https:\/\/masquenoticiastucuman.com.ar\/index.php?rest_route=\/wp\/v2\/media\/60934"}],"wp:attachment":[{"href":"https:\/\/masquenoticiastucuman.com.ar\/index.php?rest_route=%2Fwp%2Fv2%2Fmedia&parent=60933"}],"wp:term":[{"taxonomy":"category","embeddable":true,"href":"https:\/\/masquenoticiastucuman.com.ar\/index.php?rest_route=%2Fwp%2Fv2%2Fcategories&post=60933"},{"taxonomy":"post_tag","embeddable":true,"href":"https:\/\/masquenoticiastucuman.com.ar\/index.php?rest_route=%2Fwp%2Fv2%2Ftags&post=60933"}],"curies":[{"name":"wp","href":"https:\/\/api.w.org\/{rel}","templated":true}]}}