{"id":60938,"date":"2026-04-20T11:56:03","date_gmt":"2026-04-20T14:56:03","guid":{"rendered":"http:\/\/masquenoticiastucuman.com.ar\/?p=60938"},"modified":"2026-04-20T11:56:03","modified_gmt":"2026-04-20T14:56:03","slug":"la-desafortunada-frase-de-un-pibe-del-sub-17-tras-perder-la-final-del-sudamericano-ante-colombia-nos-vamos-a-ver-en-el-mundial-y-les-vamos-a-romper-bien-el-o","status":"publish","type":"post","link":"https:\/\/masquenoticiastucuman.com.ar\/?p=60938","title":{"rendered":"La desafortunada frase de un pibe del Sub 17 tras perder la final del Sudamericano ante Colombia: &#8220;Nos vamos a ver en el Mundial y les vamos a romper bien el o&#8230;&#8221;"},"content":{"rendered":"<ul>\n<li>La Selecci\u00f3n Argentina cay\u00f3 por goleada 4-0 en el partido por el t\u00edtulo del Sudamericano en Paraguay.<\/li>\n<li>Julio Coria, zaguero central de la Albiceleste y de Boca, cometi\u00f3 un exabrupto y gener\u00f3 repudio en redes sociales.<\/li>\n<\/ul>\n<p>\u200bLa Selecci\u00f3n Argentina cay\u00f3 por goleada 4-0 en el partido por el t\u00edtulo del Sudamericano en Paraguay.Julio Coria, zaguero central de la Albiceleste y de Boca, cometi\u00f3 un exabrupto y gener\u00f3 repudio en redes sociales.\u00a0<a href=\"https:\/\/www.clarin.com\/deportes\/desafortunada-frase-pibe-sub-17-perder-final-sudamericano-colombia-vamos-ver-mundial-vamos-romper-bien_0_yBG43bskj0.html\" target=\"_blank\" class=\"feedzy-rss-link-icon\">Read More<\/a><\/p>","protected":false},"excerpt":{"rendered":"<p>La Selecci\u00f3n Argentina cay\u00f3 por goleada 4-0 en el partido por el t\u00edtulo del Sudamericano&#8230;<\/p>\n","protected":false},"author":1,"featured_media":0,"comment_status":"open","ping_status":"open","sticky":false,"template":"","format":"standard","meta":{"footnotes":""},"categories":[6],"tags":[],"class_list":["post-60938","post","type-post","status-publish","format-standard","has-post-thumbnail","hentry","category-deportes"],"_links":{"self":[{"href":"https:\/\/masquenoticiastucuman.com.ar\/index.php?rest_route=\/wp\/v2\/posts\/60938","targetHints":{"allow":["GET"]}}],"collection":[{"href":"https:\/\/masquenoticiastucuman.com.ar\/index.php?rest_route=\/wp\/v2\/posts"}],"about":[{"href":"https:\/\/masquenoticiastucuman.com.ar\/index.php?rest_route=\/wp\/v2\/types\/post"}],"author":[{"embeddable":true,"href":"https:\/\/masquenoticiastucuman.com.ar\/index.php?rest_route=\/wp\/v2\/users\/1"}],"replies":[{"embeddable":true,"href":"https:\/\/masquenoticiastucuman.com.ar\/index.php?rest_route=%2Fwp%2Fv2%2Fcomments&post=60938"}],"version-history":[{"count":0,"href":"https:\/\/masquenoticiastucuman.com.ar\/index.php?rest_route=\/wp\/v2\/posts\/60938\/revisions"}],"wp:attachment":[{"href":"https:\/\/masquenoticiastucuman.com.ar\/index.php?rest_route=%2Fwp%2Fv2%2Fmedia&parent=60938"}],"wp:term":[{"taxonomy":"category","embeddable":true,"href":"https:\/\/masquenoticiastucuman.com.ar\/index.php?rest_route=%2Fwp%2Fv2%2Fcategories&post=60938"},{"taxonomy":"post_tag","embeddable":true,"href":"https:\/\/masquenoticiastucuman.com.ar\/index.php?rest_route=%2Fwp%2Fv2%2Ftags&post=60938"}],"curies":[{"name":"wp","href":"https:\/\/api.w.org\/{rel}","templated":true}]}}