{"id":60939,"date":"2026-04-20T11:03:36","date_gmt":"2026-04-20T14:03:36","guid":{"rendered":"http:\/\/masquenoticiastucuman.com.ar\/?p=60939"},"modified":"2026-04-20T11:03:36","modified_gmt":"2026-04-20T14:03:36","slug":"ranking-atp-sinner-se-escapa-de-alcaraz-y-argentina-pierde-un-nombre-en-el-top-100","status":"publish","type":"post","link":"https:\/\/masquenoticiastucuman.com.ar\/?p=60939","title":{"rendered":"Ranking ATP: Sinner se escapa de Alcaraz y Argentina pierde un nombre en el Top 100"},"content":{"rendered":"<ul>\n<li>El italiano ampli\u00f3 su ventaja tras la baja de Alcaraz en Barcelona y su ausencia confirmada en Madrid. <\/li>\n<li>Comesa\u00f1a sali\u00f3 del Top 100 y redujo la presencia argentina entre los mejores del mundo.<\/li>\n<\/ul>\n<p>\u200bEl italiano ampli\u00f3 su ventaja tras la baja de Alcaraz en Barcelona y su ausencia confirmada en Madrid. Comesa\u00f1a sali\u00f3 del Top 100 y redujo la presencia argentina entre los mejores del mundo.\u00a0<a href=\"https:\/\/www.clarin.com\/deportes\/ranking-atp-sinner-escapa-alcaraz-argentina-pierde-nombre-top-100_0_vuYqMBPSRe.html\" target=\"_blank\" class=\"feedzy-rss-link-icon\">Read More<\/a><\/p>","protected":false},"excerpt":{"rendered":"<p>El italiano ampli\u00f3 su ventaja tras la baja de Alcaraz en Barcelona y su ausencia&#8230;<\/p>\n","protected":false},"author":1,"featured_media":0,"comment_status":"open","ping_status":"open","sticky":false,"template":"","format":"standard","meta":{"footnotes":""},"categories":[6],"tags":[],"class_list":["post-60939","post","type-post","status-publish","format-standard","has-post-thumbnail","hentry","category-deportes"],"_links":{"self":[{"href":"https:\/\/masquenoticiastucuman.com.ar\/index.php?rest_route=\/wp\/v2\/posts\/60939","targetHints":{"allow":["GET"]}}],"collection":[{"href":"https:\/\/masquenoticiastucuman.com.ar\/index.php?rest_route=\/wp\/v2\/posts"}],"about":[{"href":"https:\/\/masquenoticiastucuman.com.ar\/index.php?rest_route=\/wp\/v2\/types\/post"}],"author":[{"embeddable":true,"href":"https:\/\/masquenoticiastucuman.com.ar\/index.php?rest_route=\/wp\/v2\/users\/1"}],"replies":[{"embeddable":true,"href":"https:\/\/masquenoticiastucuman.com.ar\/index.php?rest_route=%2Fwp%2Fv2%2Fcomments&post=60939"}],"version-history":[{"count":0,"href":"https:\/\/masquenoticiastucuman.com.ar\/index.php?rest_route=\/wp\/v2\/posts\/60939\/revisions"}],"wp:attachment":[{"href":"https:\/\/masquenoticiastucuman.com.ar\/index.php?rest_route=%2Fwp%2Fv2%2Fmedia&parent=60939"}],"wp:term":[{"taxonomy":"category","embeddable":true,"href":"https:\/\/masquenoticiastucuman.com.ar\/index.php?rest_route=%2Fwp%2Fv2%2Fcategories&post=60939"},{"taxonomy":"post_tag","embeddable":true,"href":"https:\/\/masquenoticiastucuman.com.ar\/index.php?rest_route=%2Fwp%2Fv2%2Ftags&post=60939"}],"curies":[{"name":"wp","href":"https:\/\/api.w.org\/{rel}","templated":true}]}}