{"id":60940,"date":"2026-04-20T11:26:33","date_gmt":"2026-04-20T14:26:33","guid":{"rendered":"http:\/\/masquenoticiastucuman.com.ar\/?p=60940"},"modified":"2026-04-20T11:26:33","modified_gmt":"2026-04-20T14:26:33","slug":"actividad-economica-un-sector-clave-de-la-industria-repunto-en-marzo-aunque-sigue-en-niveles-bajos","status":"publish","type":"post","link":"https:\/\/masquenoticiastucuman.com.ar\/?p=60940","title":{"rendered":"Actividad econ\u00f3mica: un sector clave de la industria repunt\u00f3 en marzo aunque sigue en niveles bajos"},"content":{"rendered":"<ul>\n<li>La producci\u00f3n metal\u00fargica es uno de los insumos principales de otros sectores fabriles.<\/li>\n<li>Seg\u00fan la c\u00e1mara del sector (Adimra), la actividad mejor\u00f3 1,5% en el tercer mes del a\u00f1o.<\/li>\n<li>En el primer trimestre, de todas formas, hay una ca\u00edda acumulada de casi 7%.<\/li>\n<\/ul>\n<p>\u200bLa producci\u00f3n metal\u00fargica es uno de los insumos principales de otros sectores fabriles.Seg\u00fan la c\u00e1mara del sector (Adimra), la actividad mejor\u00f3 1,5% en el tercer mes del a\u00f1o.En el primer trimestre, de todas formas, hay una ca\u00edda acumulada de casi 7%.\u00a0<a href=\"https:\/\/www.clarin.com\/economia\/actividad-economica-sector-clave-industria-repunto-marzo-sigue-niveles-bajos_0_ZmrPhR5tE9.html\" target=\"_blank\" class=\"feedzy-rss-link-icon\">Read More<\/a><\/p>","protected":false},"excerpt":{"rendered":"<p>La producci\u00f3n metal\u00fargica es uno de los insumos principales de otros sectores fabriles. Seg\u00fan la&#8230;<\/p>\n","protected":false},"author":1,"featured_media":0,"comment_status":"open","ping_status":"open","sticky":false,"template":"","format":"standard","meta":{"footnotes":""},"categories":[3],"tags":[],"class_list":["post-60940","post","type-post","status-publish","format-standard","has-post-thumbnail","hentry","category-nacionales"],"_links":{"self":[{"href":"https:\/\/masquenoticiastucuman.com.ar\/index.php?rest_route=\/wp\/v2\/posts\/60940","targetHints":{"allow":["GET"]}}],"collection":[{"href":"https:\/\/masquenoticiastucuman.com.ar\/index.php?rest_route=\/wp\/v2\/posts"}],"about":[{"href":"https:\/\/masquenoticiastucuman.com.ar\/index.php?rest_route=\/wp\/v2\/types\/post"}],"author":[{"embeddable":true,"href":"https:\/\/masquenoticiastucuman.com.ar\/index.php?rest_route=\/wp\/v2\/users\/1"}],"replies":[{"embeddable":true,"href":"https:\/\/masquenoticiastucuman.com.ar\/index.php?rest_route=%2Fwp%2Fv2%2Fcomments&post=60940"}],"version-history":[{"count":0,"href":"https:\/\/masquenoticiastucuman.com.ar\/index.php?rest_route=\/wp\/v2\/posts\/60940\/revisions"}],"wp:attachment":[{"href":"https:\/\/masquenoticiastucuman.com.ar\/index.php?rest_route=%2Fwp%2Fv2%2Fmedia&parent=60940"}],"wp:term":[{"taxonomy":"category","embeddable":true,"href":"https:\/\/masquenoticiastucuman.com.ar\/index.php?rest_route=%2Fwp%2Fv2%2Fcategories&post=60940"},{"taxonomy":"post_tag","embeddable":true,"href":"https:\/\/masquenoticiastucuman.com.ar\/index.php?rest_route=%2Fwp%2Fv2%2Ftags&post=60940"}],"curies":[{"name":"wp","href":"https:\/\/api.w.org\/{rel}","templated":true}]}}