{"id":60942,"date":"2026-04-20T14:13:31","date_gmt":"2026-04-20T17:13:31","guid":{"rendered":"http:\/\/masquenoticiastucuman.com.ar\/?p=60942"},"modified":"2026-04-20T14:13:31","modified_gmt":"2026-04-20T17:13:31","slug":"central-cordoba-vs-platense-en-vivo-a-que-hora-es-el-partido-y-como-ver-en-vivo-el-torneo-apertura-2026","status":"publish","type":"post","link":"https:\/\/masquenoticiastucuman.com.ar\/?p=60942","title":{"rendered":"Central C\u00f3rdoba vs Platense, EN VIVO: a qu\u00e9 hora es el partido y c\u00f3mo ver en vivo el Torneo Apertura 2026"},"content":{"rendered":"<ul>\n<li>El conjunto de Santiago del Estero est\u00e1 en una delicada situaci\u00f3n institucional y deportiva, ante un Calamar que viene de hacer historia en la Copa Libertadores.<\/li>\n<li>Segu\u00ed el minuto a minuto en Clar\u00edn.<\/li>\n<\/ul>\n<p>\u200bEl conjunto de Santiago del Estero est\u00e1 en una delicada situaci\u00f3n institucional y deportiva, ante un Calamar que viene de hacer historia en la Copa Libertadores.Segu\u00ed el minuto a minuto en Clar\u00edn.\u00a0<a href=\"https:\/\/www.clarin.com\/deportes\/central-cordoba-vs-platense-vivo-hora-partido-ver-vivo-torneo-apertura-2026_0_xd5v1dMTfY.html\" target=\"_blank\" class=\"feedzy-rss-link-icon\">Read More<\/a><\/p>","protected":false},"excerpt":{"rendered":"<p>El conjunto de Santiago del Estero est\u00e1 en una delicada situaci\u00f3n institucional y deportiva, ante&#8230;<\/p>\n","protected":false},"author":1,"featured_media":0,"comment_status":"open","ping_status":"open","sticky":false,"template":"","format":"standard","meta":{"footnotes":""},"categories":[6],"tags":[],"class_list":["post-60942","post","type-post","status-publish","format-standard","has-post-thumbnail","hentry","category-deportes"],"_links":{"self":[{"href":"https:\/\/masquenoticiastucuman.com.ar\/index.php?rest_route=\/wp\/v2\/posts\/60942","targetHints":{"allow":["GET"]}}],"collection":[{"href":"https:\/\/masquenoticiastucuman.com.ar\/index.php?rest_route=\/wp\/v2\/posts"}],"about":[{"href":"https:\/\/masquenoticiastucuman.com.ar\/index.php?rest_route=\/wp\/v2\/types\/post"}],"author":[{"embeddable":true,"href":"https:\/\/masquenoticiastucuman.com.ar\/index.php?rest_route=\/wp\/v2\/users\/1"}],"replies":[{"embeddable":true,"href":"https:\/\/masquenoticiastucuman.com.ar\/index.php?rest_route=%2Fwp%2Fv2%2Fcomments&post=60942"}],"version-history":[{"count":0,"href":"https:\/\/masquenoticiastucuman.com.ar\/index.php?rest_route=\/wp\/v2\/posts\/60942\/revisions"}],"wp:attachment":[{"href":"https:\/\/masquenoticiastucuman.com.ar\/index.php?rest_route=%2Fwp%2Fv2%2Fmedia&parent=60942"}],"wp:term":[{"taxonomy":"category","embeddable":true,"href":"https:\/\/masquenoticiastucuman.com.ar\/index.php?rest_route=%2Fwp%2Fv2%2Fcategories&post=60942"},{"taxonomy":"post_tag","embeddable":true,"href":"https:\/\/masquenoticiastucuman.com.ar\/index.php?rest_route=%2Fwp%2Fv2%2Ftags&post=60942"}],"curies":[{"name":"wp","href":"https:\/\/api.w.org\/{rel}","templated":true}]}}