{"id":60943,"date":"2026-04-20T15:25:33","date_gmt":"2026-04-20T18:25:33","guid":{"rendered":"http:\/\/masquenoticiastucuman.com.ar\/?p=60943"},"modified":"2026-04-20T15:25:33","modified_gmt":"2026-04-20T18:25:33","slug":"las-perdidas-son-millonarias-estiman-que-hay-un-millon-de-hectareas-inundadas-en-el-norte-de-santa-fe","status":"publish","type":"post","link":"https:\/\/masquenoticiastucuman.com.ar\/?p=60943","title":{"rendered":"\u201cLas p\u00e9rdidas son millonarias\u201d: estiman que hay un mill\u00f3n de hect\u00e1reas inundadas en el norte de Santa Fe"},"content":{"rendered":"<ul>\n<li>Es por las lluvias de la \u00faltima semana registradas en la zona, con picos de hasta 400 mm en lugares puntuales.<\/li>\n<li>Vera, General Obligado y 9 de Julio, los departamentos m\u00e1s afectados.<\/li>\n<li>Impacto directo en la ganader\u00eda, la principal actividad de la regi\u00f3n.<\/li>\n<\/ul>\n<p>\u200bEs por las lluvias de la \u00faltima semana registradas en la zona, con picos de hasta 400 mm en lugares puntuales.Vera, General Obligado y 9 de Julio, los departamentos m\u00e1s afectados.Impacto directo en la ganader\u00eda, la principal actividad de la regi\u00f3n.\u00a0<a href=\"https:\/\/www.clarin.com\/rural\/perdidas-millonarias-estiman-millon-hectareas-inundadas-norte-santa-fe_0_qFrlivhBxs.html\" target=\"_blank\" class=\"feedzy-rss-link-icon\">Read More<\/a><\/p>","protected":false},"excerpt":{"rendered":"<p>Es por las lluvias de la \u00faltima semana registradas en la zona, con picos de&#8230;<\/p>\n","protected":false},"author":1,"featured_media":0,"comment_status":"open","ping_status":"open","sticky":false,"template":"","format":"standard","meta":{"footnotes":""},"categories":[3],"tags":[],"class_list":["post-60943","post","type-post","status-publish","format-standard","has-post-thumbnail","hentry","category-nacionales"],"_links":{"self":[{"href":"https:\/\/masquenoticiastucuman.com.ar\/index.php?rest_route=\/wp\/v2\/posts\/60943","targetHints":{"allow":["GET"]}}],"collection":[{"href":"https:\/\/masquenoticiastucuman.com.ar\/index.php?rest_route=\/wp\/v2\/posts"}],"about":[{"href":"https:\/\/masquenoticiastucuman.com.ar\/index.php?rest_route=\/wp\/v2\/types\/post"}],"author":[{"embeddable":true,"href":"https:\/\/masquenoticiastucuman.com.ar\/index.php?rest_route=\/wp\/v2\/users\/1"}],"replies":[{"embeddable":true,"href":"https:\/\/masquenoticiastucuman.com.ar\/index.php?rest_route=%2Fwp%2Fv2%2Fcomments&post=60943"}],"version-history":[{"count":0,"href":"https:\/\/masquenoticiastucuman.com.ar\/index.php?rest_route=\/wp\/v2\/posts\/60943\/revisions"}],"wp:attachment":[{"href":"https:\/\/masquenoticiastucuman.com.ar\/index.php?rest_route=%2Fwp%2Fv2%2Fmedia&parent=60943"}],"wp:term":[{"taxonomy":"category","embeddable":true,"href":"https:\/\/masquenoticiastucuman.com.ar\/index.php?rest_route=%2Fwp%2Fv2%2Fcategories&post=60943"},{"taxonomy":"post_tag","embeddable":true,"href":"https:\/\/masquenoticiastucuman.com.ar\/index.php?rest_route=%2Fwp%2Fv2%2Ftags&post=60943"}],"curies":[{"name":"wp","href":"https:\/\/api.w.org\/{rel}","templated":true}]}}