{"id":60944,"date":"2026-04-20T14:18:21","date_gmt":"2026-04-20T17:18:21","guid":{"rendered":"http:\/\/masquenoticiastucuman.com.ar\/?p=60944"},"modified":"2026-04-20T14:18:21","modified_gmt":"2026-04-20T17:18:21","slug":"vuelve-la-volatilidad-a-los-mercados-y-el-riesgo-pais-roza-los-530-puntos","status":"publish","type":"post","link":"https:\/\/masquenoticiastucuman.com.ar\/?p=60944","title":{"rendered":"Vuelve la volatilidad a los mercados y el riesgo pa\u00eds roza los 530 puntos"},"content":{"rendered":"<ul>\n<li>Los bonos en d\u00f3lares abren la semana en baja, en medio de una nueva oleada de tensi\u00f3n global.<\/li>\n<li>Las bolsas globales caen y arrastran a las acciones argentinas.<\/li>\n<li>El d\u00f3lar vuelve a los $ 1.395 en el Banco Naci\u00f3n.<\/li>\n<\/ul>\n<p>\u200bLos bonos en d\u00f3lares abren la semana en baja, en medio de una nueva oleada de tensi\u00f3n global.Las bolsas globales caen y arrastran a las acciones argentinas.El d\u00f3lar vuelve a los $ 1.395 en el Banco Naci\u00f3n.\u00a0<a href=\"https:\/\/www.clarin.com\/economia\/vuelve-volatilidad-mercados-riesgo-pais-roza-530-puntos_0_N6avbwxfvF.html\" target=\"_blank\" class=\"feedzy-rss-link-icon\">Read More<\/a><\/p>","protected":false},"excerpt":{"rendered":"<p>Los bonos en d\u00f3lares abren la semana en baja, en medio de una nueva oleada&#8230;<\/p>\n","protected":false},"author":1,"featured_media":0,"comment_status":"open","ping_status":"open","sticky":false,"template":"","format":"standard","meta":{"footnotes":""},"categories":[3],"tags":[],"class_list":["post-60944","post","type-post","status-publish","format-standard","has-post-thumbnail","hentry","category-nacionales"],"_links":{"self":[{"href":"https:\/\/masquenoticiastucuman.com.ar\/index.php?rest_route=\/wp\/v2\/posts\/60944","targetHints":{"allow":["GET"]}}],"collection":[{"href":"https:\/\/masquenoticiastucuman.com.ar\/index.php?rest_route=\/wp\/v2\/posts"}],"about":[{"href":"https:\/\/masquenoticiastucuman.com.ar\/index.php?rest_route=\/wp\/v2\/types\/post"}],"author":[{"embeddable":true,"href":"https:\/\/masquenoticiastucuman.com.ar\/index.php?rest_route=\/wp\/v2\/users\/1"}],"replies":[{"embeddable":true,"href":"https:\/\/masquenoticiastucuman.com.ar\/index.php?rest_route=%2Fwp%2Fv2%2Fcomments&post=60944"}],"version-history":[{"count":0,"href":"https:\/\/masquenoticiastucuman.com.ar\/index.php?rest_route=\/wp\/v2\/posts\/60944\/revisions"}],"wp:attachment":[{"href":"https:\/\/masquenoticiastucuman.com.ar\/index.php?rest_route=%2Fwp%2Fv2%2Fmedia&parent=60944"}],"wp:term":[{"taxonomy":"category","embeddable":true,"href":"https:\/\/masquenoticiastucuman.com.ar\/index.php?rest_route=%2Fwp%2Fv2%2Fcategories&post=60944"},{"taxonomy":"post_tag","embeddable":true,"href":"https:\/\/masquenoticiastucuman.com.ar\/index.php?rest_route=%2Fwp%2Fv2%2Ftags&post=60944"}],"curies":[{"name":"wp","href":"https:\/\/api.w.org\/{rel}","templated":true}]}}